{"id":1937,"date":"2024-02-26T16:48:31","date_gmt":"2024-02-26T15:48:31","guid":{"rendered":"https:\/\/www.shojifilms.com\/?p=1937"},"modified":"2024-03-07T13:39:51","modified_gmt":"2024-03-07T12:39:51","slug":"a-spot-in-the-world-se-estrena-en-el-festival-de-medina-del-campo","status":"publish","type":"post","link":"https:\/\/www.shojifilms.com\/en\/post\/a-spot-in-the-world-se-estrena-en-el-festival-de-medina-del-campo\/","title":{"rendered":"A SPOT IN THE WORLD premieres at the Medina del Campo Festival"},"content":{"rendered":"<p>Our short film <a href=\"https:\/\/www.shojifilms.com\/en\/producciones\/a-spot-in-the-world\/\" target=\"_blank\" rel=\"noopener noreferrer\">A spot in the world<\/a>, directed by Carlos Robisco and co-produced with Gxxdtimefilms and LastCrit, and distributed by <a href=\"https:\/\/selectedfilms.com\/a-spot-in-the-world\/\" target=\"_blank\" rel=\"noopener noreferrer\">Selected Films<\/a>, will have its world premiere at the famous <a href=\"https:\/\/medinafilmfestival.com\/certamenes\/certamen-nacional-de-cortometrajes-la-otra-mirada-5\" target=\"_blank\" rel=\"noopener noreferrer\">Medina del Campo Film Festival<\/a>.<\/p>\n<p><img decoding=\"async\" alt=\"A SPOT IN THE WORLD premieres at the Medina del Campo Festival\" title=\"A SPOT IN THE WORLD premieres at the Medina del Campo Festival\" src=\"https:\/\/www.shojifilms.com\/wp-content\/uploads\/2024\/02\/4f9bc1_69f1a28683104757a9599f86b6462c8emv2.png\"><\/p>\n<p>The 37th Medina del Campo Film Week will open between February 23 and March 3, 2024, a window with views of the national and international short film panorama, through 79 works in competition in its different competitions. The festival \u201cratifies its commitment to the diversity of styles, genres, formats and themes linked to social reality.\u201d<\/p>\n<p>A spot in the world, will be part of the La Otra Mirada section, and its premiere is on February 26 at 5:00 p.m. at the Medina Auditorium.<\/p>\n<p><img decoding=\"async\" alt=\"A SPOT IN THE WORLD premieres at the Medina del Campo Festival\" title=\"A SPOT IN THE WORLD premieres at the Medina del Campo Festival\" src=\"https:\/\/www.shojifilms.com\/wp-content\/uploads\/2024\/02\/4f9bc1_82669340048c46eba4fd85eb2427bb1dmv2.jpg\"><\/p>\n<p>The synopsis of the short film is as follows:<\/p>\n<p>In the midst of a strange mental crisis linked to a new drug called daisies, Franklin Cloud returns to the neighborhood where he grew up, hoping to find a place to start over, a place to belong... and more daisies. .<\/p>\n<p>The short film has also been selected to be part of the M\u00e1laga Short Corner within MAFIZ, and will have its market screening on March 4 at 10:00.<\/p>\n<p><img decoding=\"async\" alt=\"A SPOT IN THE WORLD premieres at the Medina del Campo Festival\" title=\"A SPOT IN THE WORLD premieres at the Medina del Campo Festival\" src=\"https:\/\/www.shojifilms.com\/wp-content\/uploads\/2024\/02\/4f9bc1_a44ee362bba94209ad24424e6eca4f7bmv2.png\"><\/p>\n<p>Here is the trailer for the short film:<\/p>\n<div class=\"ast-oembed-container\" style=\"height: 100%;\"><iframe title=\"A spot in the world (trailer)\" src=\"https:\/\/player.vimeo.com\/video\/896870886?dnt=1&amp;app_id=122963\" width=\"500\" height=\"250\" frameborder=\"0\" allow=\"autoplay; fullscreen; picture-in-picture; clipboard-write\"><\/iframe><\/div>\n<p>We continue the tour of festivals!<\/p>","protected":false},"excerpt":{"rendered":"<p>Nuestro cortometraje A spot in the world, dirigido por Carlos Robisco y coproducido junto a Gxxdtimefilms y LastCrit, y distribuido por Selected Films, tendr\u00e1 su estreno mundial en el c\u00e9lebre Festival de Cine de Medina del Campo. La 37 Semana de Cine de Medina del Campo abrir\u00e1 entre el 23 de febrero y el 3 [&hellip;]<\/p>\n","protected":false},"author":1,"featured_media":1938,"comment_status":"closed","ping_status":"closed","sticky":false,"template":"","format":"standard","meta":{"_acf_changed":false,"site-sidebar-layout":"default","site-content-layout":"","ast-site-content-layout":"default","site-content-style":"default","site-sidebar-style":"default","ast-global-header-display":"","ast-banner-title-visibility":"","ast-main-header-display":"","ast-hfb-above-header-display":"","ast-hfb-below-header-display":"","ast-hfb-mobile-header-display":"","site-post-title":"","ast-breadcrumbs-content":"","ast-featured-img":"","footer-sml-layout":"","ast-disable-related-posts":"","theme-transparent-header-meta":"default","adv-header-id-meta":"","stick-header-meta":"default","header-above-stick-meta":"","header-main-stick-meta":"","header-below-stick-meta":"","astra-migrate-meta-layouts":"set","ast-page-background-enabled":"default","ast-page-background-meta":{"desktop":{"background-color":"","background-image":"","background-repeat":"repeat","background-position":"center center","background-size":"auto","background-attachment":"scroll","background-type":"","background-media":"","overlay-type":"","overlay-color":"","overlay-opacity":"","overlay-gradient":""},"tablet":{"background-color":"","background-image":"","background-repeat":"repeat","background-position":"center center","background-size":"auto","background-attachment":"scroll","background-type":"","background-media":"","overlay-type":"","overlay-color":"","overlay-opacity":"","overlay-gradient":""},"mobile":{"background-color":"","background-image":"","background-repeat":"repeat","background-position":"center center","background-size":"auto","background-attachment":"scroll","background-type":"","background-media":"","overlay-type":"","overlay-color":"","overlay-opacity":"","overlay-gradient":""}},"ast-content-background-meta":{"desktop":{"background-color":"var(--ast-global-color-5)","background-image":"","background-repeat":"repeat","background-position":"center center","background-size":"auto","background-attachment":"scroll","background-type":"","background-media":"","overlay-type":"","overlay-color":"","overlay-opacity":"","overlay-gradient":""},"tablet":{"background-color":"var(--ast-global-color-5)","background-image":"","background-repeat":"repeat","background-position":"center center","background-size":"auto","background-attachment":"scroll","background-type":"","background-media":"","overlay-type":"","overlay-color":"","overlay-opacity":"","overlay-gradient":""},"mobile":{"background-color":"var(--ast-global-color-5)","background-image":"","background-repeat":"repeat","background-position":"center center","background-size":"auto","background-attachment":"scroll","background-type":"","background-media":"","overlay-type":"","overlay-color":"","overlay-opacity":"","overlay-gradient":""}},"footnotes":""},"categories":[1],"tags":[],"class_list":["post-1937","post","type-post","status-publish","format-standard","has-post-thumbnail","hentry","category-general"],"acf":[],"yoast_head":"<!-- This site is optimized with the Yoast SEO plugin v27.4 - https:\/\/yoast.com\/product\/yoast-seo-wordpress\/ -->\n<title>A SPOT IN THE WORLD se estrena en el Festival de Medina del Campo - SHOJI FILMS<\/title>\n<meta name=\"description\" content=\"Nuestro cortometraje A spot in the world, dirigido por Carlos Robisco y coproducido junto a Gxxdtimefilms y LastCrit, y distribuido por Selected Films,\" \/>\n<meta name=\"robots\" content=\"index, follow, max-snippet:-1, max-image-preview:large, max-video-preview:-1\" \/>\n<link rel=\"canonical\" href=\"https:\/\/www.shojifilms.com\/en\/post\/a-spot-in-the-world-se-estrena-en-el-festival-de-medina-del-campo\/\" \/>\n<meta property=\"og:locale\" content=\"en_US\" \/>\n<meta property=\"og:type\" content=\"article\" \/>\n<meta property=\"og:title\" content=\"A SPOT IN THE WORLD se estrena en el Festival de Medina del Campo - SHOJI FILMS\" \/>\n<meta property=\"og:description\" content=\"Nuestro cortometraje A spot in the world, dirigido por Carlos Robisco y coproducido junto a Gxxdtimefilms y LastCrit, y distribuido por Selected Films,\" \/>\n<meta property=\"og:url\" content=\"https:\/\/www.shojifilms.com\/en\/post\/a-spot-in-the-world-se-estrena-en-el-festival-de-medina-del-campo\/\" \/>\n<meta property=\"og:site_name\" content=\"SHOJI FILMS\" \/>\n<meta property=\"article:publisher\" content=\"https:\/\/www.facebook.com\/shojifilms\/\" \/>\n<meta property=\"article:published_time\" content=\"2024-02-26T15:48:31+00:00\" \/>\n<meta property=\"article:modified_time\" content=\"2024-03-07T12:39:51+00:00\" \/>\n<meta property=\"og:image\" content=\"https:\/\/www.shojifilms.com\/wp-content\/uploads\/2024\/02\/4f9bc1-69f1a28683104757a9599f86b6462c8emv2.png\" \/>\n\t<meta property=\"og:image:width\" content=\"1080\" \/>\n\t<meta property=\"og:image:height\" content=\"1080\" \/>\n\t<meta property=\"og:image:type\" content=\"image\/png\" \/>\n<meta name=\"author\" content=\"doominio\" \/>\n<meta name=\"twitter:card\" content=\"summary_large_image\" \/>\n<meta name=\"twitter:label1\" content=\"Written by\" \/>\n\t<meta name=\"twitter:data1\" content=\"doominio\" \/>\n\t<meta name=\"twitter:label2\" content=\"Est. reading time\" \/>\n\t<meta name=\"twitter:data2\" content=\"1 minute\" \/>\n<script type=\"application\/ld+json\" class=\"yoast-schema-graph\">{\"@context\":\"https:\\\/\\\/schema.org\",\"@graph\":[{\"@type\":\"Article\",\"@id\":\"https:\\\/\\\/www.shojifilms.com\\\/post\\\/a-spot-in-the-world-se-estrena-en-el-festival-de-medina-del-campo\\\/#article\",\"isPartOf\":{\"@id\":\"https:\\\/\\\/www.shojifilms.com\\\/post\\\/a-spot-in-the-world-se-estrena-en-el-festival-de-medina-del-campo\\\/\"},\"author\":{\"name\":\"doominio\",\"@id\":\"https:\\\/\\\/www.shojifilms.com\\\/#\\\/schema\\\/person\\\/6ee60897fbb7fb4ad6634c73f4be87fa\"},\"headline\":\"A SPOT IN THE WORLD se estrena en el Festival de Medina del Campo\",\"datePublished\":\"2024-02-26T15:48:31+00:00\",\"dateModified\":\"2024-03-07T12:39:51+00:00\",\"mainEntityOfPage\":{\"@id\":\"https:\\\/\\\/www.shojifilms.com\\\/post\\\/a-spot-in-the-world-se-estrena-en-el-festival-de-medina-del-campo\\\/\"},\"wordCount\":240,\"publisher\":{\"@id\":\"https:\\\/\\\/www.shojifilms.com\\\/#organization\"},\"image\":{\"@id\":\"https:\\\/\\\/www.shojifilms.com\\\/post\\\/a-spot-in-the-world-se-estrena-en-el-festival-de-medina-del-campo\\\/#primaryimage\"},\"thumbnailUrl\":\"https:\\\/\\\/www.shojifilms.com\\\/wp-content\\\/uploads\\\/2024\\\/02\\\/4f9bc1-69f1a28683104757a9599f86b6462c8emv2.png\",\"articleSection\":[\"General\"],\"inLanguage\":\"en-US\"},{\"@type\":\"WebPage\",\"@id\":\"https:\\\/\\\/www.shojifilms.com\\\/post\\\/a-spot-in-the-world-se-estrena-en-el-festival-de-medina-del-campo\\\/\",\"url\":\"https:\\\/\\\/www.shojifilms.com\\\/post\\\/a-spot-in-the-world-se-estrena-en-el-festival-de-medina-del-campo\\\/\",\"name\":\"A SPOT IN THE WORLD se estrena en el Festival de Medina del Campo - SHOJI FILMS\",\"isPartOf\":{\"@id\":\"https:\\\/\\\/www.shojifilms.com\\\/#website\"},\"primaryImageOfPage\":{\"@id\":\"https:\\\/\\\/www.shojifilms.com\\\/post\\\/a-spot-in-the-world-se-estrena-en-el-festival-de-medina-del-campo\\\/#primaryimage\"},\"image\":{\"@id\":\"https:\\\/\\\/www.shojifilms.com\\\/post\\\/a-spot-in-the-world-se-estrena-en-el-festival-de-medina-del-campo\\\/#primaryimage\"},\"thumbnailUrl\":\"https:\\\/\\\/www.shojifilms.com\\\/wp-content\\\/uploads\\\/2024\\\/02\\\/4f9bc1-69f1a28683104757a9599f86b6462c8emv2.png\",\"datePublished\":\"2024-02-26T15:48:31+00:00\",\"dateModified\":\"2024-03-07T12:39:51+00:00\",\"description\":\"Nuestro cortometraje A spot in the world, dirigido por Carlos Robisco y coproducido junto a Gxxdtimefilms y LastCrit, y distribuido por Selected Films,\",\"breadcrumb\":{\"@id\":\"https:\\\/\\\/www.shojifilms.com\\\/post\\\/a-spot-in-the-world-se-estrena-en-el-festival-de-medina-del-campo\\\/#breadcrumb\"},\"inLanguage\":\"en-US\",\"potentialAction\":[{\"@type\":\"ReadAction\",\"target\":[\"https:\\\/\\\/www.shojifilms.com\\\/post\\\/a-spot-in-the-world-se-estrena-en-el-festival-de-medina-del-campo\\\/\"]}]},{\"@type\":\"ImageObject\",\"inLanguage\":\"en-US\",\"@id\":\"https:\\\/\\\/www.shojifilms.com\\\/post\\\/a-spot-in-the-world-se-estrena-en-el-festival-de-medina-del-campo\\\/#primaryimage\",\"url\":\"https:\\\/\\\/www.shojifilms.com\\\/wp-content\\\/uploads\\\/2024\\\/02\\\/4f9bc1-69f1a28683104757a9599f86b6462c8emv2.png\",\"contentUrl\":\"https:\\\/\\\/www.shojifilms.com\\\/wp-content\\\/uploads\\\/2024\\\/02\\\/4f9bc1-69f1a28683104757a9599f86b6462c8emv2.png\",\"width\":1080,\"height\":1080,\"caption\":\"A SPOT IN THE WORLD se estrena en el Festival de Medina del Campo\"},{\"@type\":\"BreadcrumbList\",\"@id\":\"https:\\\/\\\/www.shojifilms.com\\\/post\\\/a-spot-in-the-world-se-estrena-en-el-festival-de-medina-del-campo\\\/#breadcrumb\",\"itemListElement\":[{\"@type\":\"ListItem\",\"position\":1,\"name\":\"Home\",\"item\":\"https:\\\/\\\/www.shojifilms.com\\\/\"},{\"@type\":\"ListItem\",\"position\":2,\"name\":\"A SPOT IN THE WORLD se estrena en el Festival de Medina del Campo\"}]},{\"@type\":\"WebSite\",\"@id\":\"https:\\\/\\\/www.shojifilms.com\\\/#website\",\"url\":\"https:\\\/\\\/www.shojifilms.com\\\/\",\"name\":\"SHOJI FILMS\",\"description\":\"Productora audiovisual en Barcelona\",\"publisher\":{\"@id\":\"https:\\\/\\\/www.shojifilms.com\\\/#organization\"},\"potentialAction\":[{\"@type\":\"SearchAction\",\"target\":{\"@type\":\"EntryPoint\",\"urlTemplate\":\"https:\\\/\\\/www.shojifilms.com\\\/?s={search_term_string}\"},\"query-input\":{\"@type\":\"PropertyValueSpecification\",\"valueRequired\":true,\"valueName\":\"search_term_string\"}}],\"inLanguage\":\"en-US\"},{\"@type\":\"Organization\",\"@id\":\"https:\\\/\\\/www.shojifilms.com\\\/#organization\",\"name\":\"SHOJI FILMS\",\"url\":\"https:\\\/\\\/www.shojifilms.com\\\/\",\"logo\":{\"@type\":\"ImageObject\",\"inLanguage\":\"en-US\",\"@id\":\"https:\\\/\\\/www.shojifilms.com\\\/#\\\/schema\\\/logo\\\/image\\\/\",\"url\":\"https:\\\/\\\/www.shojifilms.com\\\/wp-content\\\/uploads\\\/2023\\\/04\\\/image.png\",\"contentUrl\":\"https:\\\/\\\/www.shojifilms.com\\\/wp-content\\\/uploads\\\/2023\\\/04\\\/image.png\",\"width\":468,\"height\":262,\"caption\":\"SHOJI FILMS\"},\"image\":{\"@id\":\"https:\\\/\\\/www.shojifilms.com\\\/#\\\/schema\\\/logo\\\/image\\\/\"},\"sameAs\":[\"https:\\\/\\\/www.facebook.com\\\/shojifilms\\\/\",\"http:\\\/\\\/instagram.com\\\/shojifilms\",\"https:\\\/\\\/vimeo.com\\\/shojifilms\",\"https:\\\/\\\/es.linkedin.com\\\/company\\\/shoji-films?trk=public_profile_topcard-current-company\"]},{\"@type\":\"Person\",\"@id\":\"https:\\\/\\\/www.shojifilms.com\\\/#\\\/schema\\\/person\\\/6ee60897fbb7fb4ad6634c73f4be87fa\",\"name\":\"doominio\",\"image\":{\"@type\":\"ImageObject\",\"inLanguage\":\"en-US\",\"@id\":\"https:\\\/\\\/www.shojifilms.com\\\/wp-content\\\/litespeed\\\/avatar\\\/51a2a0a3ffe42439284a6ac18cdd7ab2.jpg?ver=1777245870\",\"url\":\"https:\\\/\\\/www.shojifilms.com\\\/wp-content\\\/litespeed\\\/avatar\\\/51a2a0a3ffe42439284a6ac18cdd7ab2.jpg?ver=1777245870\",\"contentUrl\":\"https:\\\/\\\/www.shojifilms.com\\\/wp-content\\\/litespeed\\\/avatar\\\/51a2a0a3ffe42439284a6ac18cdd7ab2.jpg?ver=1777245870\",\"caption\":\"doominio\"},\"sameAs\":[\"https:\\\/\\\/www.shojifilms.com\"]}]}<\/script>\n<!-- \/ Yoast SEO plugin. -->","yoast_head_json":{"title":"A SPOT IN THE WORLD premieres at the Medina del Campo Festival - SHOJI FILMS","description":"Our short film A spot in the world, directed by Carlos Robisco and co-produced with Gxxdtimefilms and LastCrit, and distributed by Selected Films,","robots":{"index":"index","follow":"follow","max-snippet":"max-snippet:-1","max-image-preview":"max-image-preview:large","max-video-preview":"max-video-preview:-1"},"canonical":"https:\/\/www.shojifilms.com\/en\/post\/a-spot-in-the-world-se-estrena-en-el-festival-de-medina-del-campo\/","og_locale":"en_US","og_type":"article","og_title":"A SPOT IN THE WORLD se estrena en el Festival de Medina del Campo - SHOJI FILMS","og_description":"Nuestro cortometraje A spot in the world, dirigido por Carlos Robisco y coproducido junto a Gxxdtimefilms y LastCrit, y distribuido por Selected Films,","og_url":"https:\/\/www.shojifilms.com\/en\/post\/a-spot-in-the-world-se-estrena-en-el-festival-de-medina-del-campo\/","og_site_name":"SHOJI FILMS","article_publisher":"https:\/\/www.facebook.com\/shojifilms\/","article_published_time":"2024-02-26T15:48:31+00:00","article_modified_time":"2024-03-07T12:39:51+00:00","og_image":[{"width":1080,"height":1080,"url":"https:\/\/www.shojifilms.com\/wp-content\/uploads\/2024\/02\/4f9bc1-69f1a28683104757a9599f86b6462c8emv2.png","type":"image\/png"}],"author":"doominio","twitter_card":"summary_large_image","twitter_misc":{"Written by":"doominio","Est. reading time":"1 minute"},"schema":{"@context":"https:\/\/schema.org","@graph":[{"@type":"Article","@id":"https:\/\/www.shojifilms.com\/post\/a-spot-in-the-world-se-estrena-en-el-festival-de-medina-del-campo\/#article","isPartOf":{"@id":"https:\/\/www.shojifilms.com\/post\/a-spot-in-the-world-se-estrena-en-el-festival-de-medina-del-campo\/"},"author":{"name":"doominio","@id":"https:\/\/www.shojifilms.com\/#\/schema\/person\/6ee60897fbb7fb4ad6634c73f4be87fa"},"headline":"A SPOT IN THE WORLD se estrena en el Festival de Medina del Campo","datePublished":"2024-02-26T15:48:31+00:00","dateModified":"2024-03-07T12:39:51+00:00","mainEntityOfPage":{"@id":"https:\/\/www.shojifilms.com\/post\/a-spot-in-the-world-se-estrena-en-el-festival-de-medina-del-campo\/"},"wordCount":240,"publisher":{"@id":"https:\/\/www.shojifilms.com\/#organization"},"image":{"@id":"https:\/\/www.shojifilms.com\/post\/a-spot-in-the-world-se-estrena-en-el-festival-de-medina-del-campo\/#primaryimage"},"thumbnailUrl":"https:\/\/www.shojifilms.com\/wp-content\/uploads\/2024\/02\/4f9bc1-69f1a28683104757a9599f86b6462c8emv2.png","articleSection":["General"],"inLanguage":"en-US"},{"@type":"WebPage","@id":"https:\/\/www.shojifilms.com\/post\/a-spot-in-the-world-se-estrena-en-el-festival-de-medina-del-campo\/","url":"https:\/\/www.shojifilms.com\/post\/a-spot-in-the-world-se-estrena-en-el-festival-de-medina-del-campo\/","name":"A SPOT IN THE WORLD premieres at the Medina del Campo Festival - SHOJI FILMS","isPartOf":{"@id":"https:\/\/www.shojifilms.com\/#website"},"primaryImageOfPage":{"@id":"https:\/\/www.shojifilms.com\/post\/a-spot-in-the-world-se-estrena-en-el-festival-de-medina-del-campo\/#primaryimage"},"image":{"@id":"https:\/\/www.shojifilms.com\/post\/a-spot-in-the-world-se-estrena-en-el-festival-de-medina-del-campo\/#primaryimage"},"thumbnailUrl":"https:\/\/www.shojifilms.com\/wp-content\/uploads\/2024\/02\/4f9bc1-69f1a28683104757a9599f86b6462c8emv2.png","datePublished":"2024-02-26T15:48:31+00:00","dateModified":"2024-03-07T12:39:51+00:00","description":"Our short film A spot in the world, directed by Carlos Robisco and co-produced with Gxxdtimefilms and LastCrit, and distributed by Selected Films,","breadcrumb":{"@id":"https:\/\/www.shojifilms.com\/post\/a-spot-in-the-world-se-estrena-en-el-festival-de-medina-del-campo\/#breadcrumb"},"inLanguage":"en-US","potentialAction":[{"@type":"ReadAction","target":["https:\/\/www.shojifilms.com\/post\/a-spot-in-the-world-se-estrena-en-el-festival-de-medina-del-campo\/"]}]},{"@type":"ImageObject","inLanguage":"en-US","@id":"https:\/\/www.shojifilms.com\/post\/a-spot-in-the-world-se-estrena-en-el-festival-de-medina-del-campo\/#primaryimage","url":"https:\/\/www.shojifilms.com\/wp-content\/uploads\/2024\/02\/4f9bc1-69f1a28683104757a9599f86b6462c8emv2.png","contentUrl":"https:\/\/www.shojifilms.com\/wp-content\/uploads\/2024\/02\/4f9bc1-69f1a28683104757a9599f86b6462c8emv2.png","width":1080,"height":1080,"caption":"A SPOT IN THE WORLD se estrena en el Festival de Medina del Campo"},{"@type":"BreadcrumbList","@id":"https:\/\/www.shojifilms.com\/post\/a-spot-in-the-world-se-estrena-en-el-festival-de-medina-del-campo\/#breadcrumb","itemListElement":[{"@type":"ListItem","position":1,"name":"Home","item":"https:\/\/www.shojifilms.com\/"},{"@type":"ListItem","position":2,"name":"A SPOT IN THE WORLD se estrena en el Festival de Medina del Campo"}]},{"@type":"WebSite","@id":"https:\/\/www.shojifilms.com\/#website","url":"https:\/\/www.shojifilms.com\/","name":"SHOJI FILMS","description":"Audiovisual producer in Barcelona","publisher":{"@id":"https:\/\/www.shojifilms.com\/#organization"},"potentialAction":[{"@type":"SearchAction","target":{"@type":"EntryPoint","urlTemplate":"https:\/\/www.shojifilms.com\/?s={search_term_string}"},"query-input":{"@type":"PropertyValueSpecification","valueRequired":true,"valueName":"search_term_string"}}],"inLanguage":"en-US"},{"@type":"Organization","@id":"https:\/\/www.shojifilms.com\/#organization","name":"SHOJI FILMS","url":"https:\/\/www.shojifilms.com\/","logo":{"@type":"ImageObject","inLanguage":"en-US","@id":"https:\/\/www.shojifilms.com\/#\/schema\/logo\/image\/","url":"https:\/\/www.shojifilms.com\/wp-content\/uploads\/2023\/04\/image.png","contentUrl":"https:\/\/www.shojifilms.com\/wp-content\/uploads\/2023\/04\/image.png","width":468,"height":262,"caption":"SHOJI FILMS"},"image":{"@id":"https:\/\/www.shojifilms.com\/#\/schema\/logo\/image\/"},"sameAs":["https:\/\/www.facebook.com\/shojifilms\/","http:\/\/instagram.com\/shojifilms","https:\/\/vimeo.com\/shojifilms","https:\/\/es.linkedin.com\/company\/shoji-films?trk=public_profile_topcard-current-company"]},{"@type":"Person","@id":"https:\/\/www.shojifilms.com\/#\/schema\/person\/6ee60897fbb7fb4ad6634c73f4be87fa","name":"doominio","image":{"@type":"ImageObject","inLanguage":"en-US","@id":"https:\/\/www.shojifilms.com\/wp-content\/litespeed\/avatar\/51a2a0a3ffe42439284a6ac18cdd7ab2.jpg?ver=1777245870","url":"https:\/\/www.shojifilms.com\/wp-content\/litespeed\/avatar\/51a2a0a3ffe42439284a6ac18cdd7ab2.jpg?ver=1777245870","contentUrl":"https:\/\/www.shojifilms.com\/wp-content\/litespeed\/avatar\/51a2a0a3ffe42439284a6ac18cdd7ab2.jpg?ver=1777245870","caption":"doominio"},"sameAs":["https:\/\/www.shojifilms.com"]}]}},"_links":{"self":[{"href":"https:\/\/www.shojifilms.com\/en\/wp-json\/wp\/v2\/posts\/1937","targetHints":{"allow":["GET"]}}],"collection":[{"href":"https:\/\/www.shojifilms.com\/en\/wp-json\/wp\/v2\/posts"}],"about":[{"href":"https:\/\/www.shojifilms.com\/en\/wp-json\/wp\/v2\/types\/post"}],"author":[{"embeddable":true,"href":"https:\/\/www.shojifilms.com\/en\/wp-json\/wp\/v2\/users\/1"}],"replies":[{"embeddable":true,"href":"https:\/\/www.shojifilms.com\/en\/wp-json\/wp\/v2\/comments?post=1937"}],"version-history":[{"count":6,"href":"https:\/\/www.shojifilms.com\/en\/wp-json\/wp\/v2\/posts\/1937\/revisions"}],"predecessor-version":[{"id":1996,"href":"https:\/\/www.shojifilms.com\/en\/wp-json\/wp\/v2\/posts\/1937\/revisions\/1996"}],"wp:featuredmedia":[{"embeddable":true,"href":"https:\/\/www.shojifilms.com\/en\/wp-json\/wp\/v2\/media\/1938"}],"wp:attachment":[{"href":"https:\/\/www.shojifilms.com\/en\/wp-json\/wp\/v2\/media?parent=1937"}],"wp:term":[{"taxonomy":"category","embeddable":true,"href":"https:\/\/www.shojifilms.com\/en\/wp-json\/wp\/v2\/categories?post=1937"},{"taxonomy":"post_tag","embeddable":true,"href":"https:\/\/www.shojifilms.com\/en\/wp-json\/wp\/v2\/tags?post=1937"}],"curies":[{"name":"wp","href":"https:\/\/api.w.org\/{rel}","templated":true}]}}