{"id":2213,"date":"2024-03-01T11:11:44","date_gmt":"2024-03-01T10:11:44","guid":{"rendered":"https:\/\/www.shojifilms.com\/?p=2213"},"modified":"2024-03-07T13:38:24","modified_gmt":"2024-03-07T12:38:24","slug":"eli-en-la-seccion-oficial-del-festival-de-malaga-y-del-festival-de-medina-del-campo","status":"publish","type":"post","link":"https:\/\/www.shojifilms.com\/en\/post\/eli-en-la-seccion-oficial-del-festival-de-malaga-y-del-festival-de-medina-del-campo\/","title":{"rendered":"ELI in the official section of the Malaga Festival and the Medina del Campo Festival"},"content":{"rendered":"<p>Our short film <a href=\"https:\/\/www.shojifilms.com\/en\/producciones\/eli\/\" target=\"_blank\" rel=\"noopener noreferrer\" data-hook=\"WebLink\">eli<\/a> directed by \u00c1lvaro L\u00f3pez Alba and which we have co-produced with Nexus CreaFilms, continues to garner selections at qualifying festivals for the Goya, with distribution by <a href=\"https:\/\/selectedfilms.com\/eli-corto\/\" target=\"_blank\" rel=\"noopener noreferrer\" data-hook=\"WebLink\">Selected Films<\/a>.<\/p>\n<p>After passing through the Zaragoza Festival, the short film is part of the official short film section of the <a href=\"https:\/\/festivaldemalaga.com\/edicion\/ver-pelicula\/?id=2873\" target=\"_blank\" rel=\"noopener noreferrer\" data-hook=\"WebLink\">Malaga Festival<\/a>\u00a0and of <a href=\"https:\/\/medinafilmfestival.com\/peliculas\/eli\" target=\"_blank\" rel=\"noopener noreferrer\" data-hook=\"WebLink\">Medina del Campo Festival<\/a>, two of the great national short film festivals.<\/p>\n<p><img decoding=\"async\" title=\"ELI in the official section of the Malaga Festival and the Medina del Campo Festival\" src=\"https:\/\/www.shojifilms.com\/wp-content\/uploads\/2024\/03\/4f9bc1_8cc868c59b5544dfaec8e46eead29845mv2.png\" alt=\"ELI in the official section of the Malaga Festival and the Medina del Campo Festival\" data-pin-url=\"https:\/\/www.shojifilms.com\/post\/eli-en-la-seccion-oficial-del-festival-de-malaga-y-del-festival-de-medina-del-campo\" data-pin-media=\"https:\/\/static.wixstatic.com\/media\/4f9bc1_8cc868c59b5544dfaec8e46eead29845~mv2.png\/v1\/fill\/w_1600,h_1585,al_c,q_95\/4f9bc1_8cc868c59b5544dfaec8e46eead29845~mv2.png\" data-load-done=\"\" \/><\/p>\n<p><img decoding=\"async\" title=\"ELI in the official section of the Malaga Festival and the Medina del Campo Festival\" src=\"https:\/\/www.shojifilms.com\/wp-content\/uploads\/2024\/03\/4f9bc1_bafae6105f9a4337b4fdcafbc1007519mv2.png\" alt=\"ELI in the official section of the Malaga Festival and the Medina del Campo Festival\" data-pin-url=\"https:\/\/www.shojifilms.com\/post\/eli-en-la-seccion-oficial-del-festival-de-malaga-y-del-festival-de-medina-del-campo\" data-pin-media=\"https:\/\/static.wixstatic.com\/media\/4f9bc1_bafae6105f9a4337b4fdcafbc1007519~mv2.png\/v1\/fill\/w_1600,h_1585,al_c,q_95\/4f9bc1_bafae6105f9a4337b4fdcafbc1007519~mv2.png\" data-load-done=\"\" \/><\/p>\n<p>Thus, we continue adding selections in the circuit of qualifying festivals for the Goya, to qualify for a possible candidacy.<\/p>\n<p>In turn, the short film was in the Clermond Ferrand market in the Short Film Market Picks, after being highlighted by the selection committee.<\/p>\n<p><img decoding=\"async\" title=\"ELI in the official section of the Malaga Festival and the Medina del Campo Festival\" src=\"https:\/\/www.shojifilms.com\/wp-content\/uploads\/2024\/03\/4f9bc1_cb46883001fc400384d07a4997f72698mv2.jpg\" alt=\"ELI in the official section of the Malaga Festival and the Medina del Campo Festival\" data-pin-url=\"https:\/\/www.shojifilms.com\/post\/eli-en-la-seccion-oficial-del-festival-de-malaga-y-del-festival-de-medina-del-campo\" data-pin-media=\"https:\/\/static.wixstatic.com\/media\/4f9bc1_cb46883001fc400384d07a4997f72698~mv2.jpg\/v1\/fill\/w_2380,h_3368,al_c,q_90\/4f9bc1_cb46883001fc400384d07a4997f72698~mv2.jpg\" data-load-done=\"\" \/><\/p>\n<p>The synopsis is as follows:<\/p>\n<p>Eli spends day and night with his father Carlos, admitted to the hospital. On Christmas Eve, her brother Tom\u00e1s, who until now had been absent from caring for her, showed up without prior notice and offered to relieve her. But more than a relief, this seems to destabilize Eli.<\/p>\n<p>Here the trailer:<\/p>\n<div class=\"ast-oembed-container\" style=\"height: 100%;\"><iframe title=\"Eli (trailer)\" src=\"https:\/\/player.vimeo.com\/video\/811344261?dnt=1&amp;app_id=122963\" width=\"500\" height=\"301\" frameborder=\"0\" allow=\"autoplay; fullscreen; picture-in-picture; clipboard-write\"><\/iframe><\/div>\n<p>We continue with the distribution!<\/p>","protected":false},"excerpt":{"rendered":"<p>Nuestro cortometraje Eli dirigido por \u00c1lvaro L\u00f3pez Alba y que hemos coproducido junto a Nexus CreaFilms, sigue cosechando selecciones en festivales calificadores para los Goya, con la distribuci\u00f3n a cargo de Selected Films. Tras su paso por el Festival de Zaragoza, el cortometraje forma parte de la secci\u00f3n oficial de cortometrajes del Festival de M\u00e1laga\u00a0y [&hellip;]<\/p>\n","protected":false},"author":1,"featured_media":2288,"comment_status":"closed","ping_status":"closed","sticky":false,"template":"","format":"standard","meta":{"_acf_changed":false,"site-sidebar-layout":"default","site-content-layout":"","ast-site-content-layout":"default","site-content-style":"default","site-sidebar-style":"default","ast-global-header-display":"","ast-banner-title-visibility":"","ast-main-header-display":"","ast-hfb-above-header-display":"","ast-hfb-below-header-display":"","ast-hfb-mobile-header-display":"","site-post-title":"","ast-breadcrumbs-content":"","ast-featured-img":"","footer-sml-layout":"","ast-disable-related-posts":"","theme-transparent-header-meta":"default","adv-header-id-meta":"","stick-header-meta":"default","header-above-stick-meta":"","header-main-stick-meta":"","header-below-stick-meta":"","astra-migrate-meta-layouts":"set","ast-page-background-enabled":"default","ast-page-background-meta":{"desktop":{"background-color":"","background-image":"","background-repeat":"repeat","background-position":"center center","background-size":"auto","background-attachment":"scroll","background-type":"","background-media":"","overlay-type":"","overlay-color":"","overlay-opacity":"","overlay-gradient":""},"tablet":{"background-color":"","background-image":"","background-repeat":"repeat","background-position":"center center","background-size":"auto","background-attachment":"scroll","background-type":"","background-media":"","overlay-type":"","overlay-color":"","overlay-opacity":"","overlay-gradient":""},"mobile":{"background-color":"","background-image":"","background-repeat":"repeat","background-position":"center center","background-size":"auto","background-attachment":"scroll","background-type":"","background-media":"","overlay-type":"","overlay-color":"","overlay-opacity":"","overlay-gradient":""}},"ast-content-background-meta":{"desktop":{"background-color":"var(--ast-global-color-5)","background-image":"","background-repeat":"repeat","background-position":"center center","background-size":"auto","background-attachment":"scroll","background-type":"","background-media":"","overlay-type":"","overlay-color":"","overlay-opacity":"","overlay-gradient":""},"tablet":{"background-color":"var(--ast-global-color-5)","background-image":"","background-repeat":"repeat","background-position":"center center","background-size":"auto","background-attachment":"scroll","background-type":"","background-media":"","overlay-type":"","overlay-color":"","overlay-opacity":"","overlay-gradient":""},"mobile":{"background-color":"var(--ast-global-color-5)","background-image":"","background-repeat":"repeat","background-position":"center center","background-size":"auto","background-attachment":"scroll","background-type":"","background-media":"","overlay-type":"","overlay-color":"","overlay-opacity":"","overlay-gradient":""}},"footnotes":""},"categories":[1],"tags":[],"class_list":["post-2213","post","type-post","status-publish","format-standard","has-post-thumbnail","hentry","category-general"],"acf":[],"yoast_head":"<!-- This site is optimized with the Yoast SEO plugin v27.4 - https:\/\/yoast.com\/product\/yoast-seo-wordpress\/ -->\n<title>ELI en la secci\u00f3n oficial del Festival de M\u00e1laga y del Festival de Medina del Campo - SHOJI FILMS<\/title>\n<meta name=\"description\" content=\"Nuestro cortometraje Eli dirigido por \u00c1lvaro L\u00f3pez Alba y que hemos coproducido junto a Nexus CreaFilms, sigue cosechando selecciones en festivales\" \/>\n<meta name=\"robots\" content=\"index, follow, max-snippet:-1, max-image-preview:large, max-video-preview:-1\" \/>\n<link rel=\"canonical\" href=\"https:\/\/www.shojifilms.com\/en\/post\/eli-en-la-seccion-oficial-del-festival-de-malaga-y-del-festival-de-medina-del-campo\/\" \/>\n<meta property=\"og:locale\" content=\"en_US\" \/>\n<meta property=\"og:type\" content=\"article\" \/>\n<meta property=\"og:title\" content=\"ELI en la secci\u00f3n oficial del Festival de M\u00e1laga y del Festival de Medina del Campo - SHOJI FILMS\" \/>\n<meta property=\"og:description\" content=\"Nuestro cortometraje Eli dirigido por \u00c1lvaro L\u00f3pez Alba y que hemos coproducido junto a Nexus CreaFilms, sigue cosechando selecciones en festivales\" \/>\n<meta property=\"og:url\" content=\"https:\/\/www.shojifilms.com\/en\/post\/eli-en-la-seccion-oficial-del-festival-de-malaga-y-del-festival-de-medina-del-campo\/\" \/>\n<meta property=\"og:site_name\" content=\"SHOJI FILMS\" \/>\n<meta property=\"article:publisher\" content=\"https:\/\/www.facebook.com\/shojifilms\/\" \/>\n<meta property=\"article:published_time\" content=\"2024-03-01T10:11:44+00:00\" \/>\n<meta property=\"article:modified_time\" content=\"2024-03-07T12:38:24+00:00\" \/>\n<meta property=\"og:image\" content=\"https:\/\/www.shojifilms.com\/wp-content\/uploads\/2024\/03\/image.jpeg\" \/>\n\t<meta property=\"og:image:width\" content=\"810\" \/>\n\t<meta property=\"og:image:height\" content=\"608\" \/>\n\t<meta property=\"og:image:type\" content=\"image\/jpeg\" \/>\n<meta name=\"author\" content=\"doominio\" \/>\n<meta name=\"twitter:card\" content=\"summary_large_image\" \/>\n<meta name=\"twitter:label1\" content=\"Written by\" \/>\n\t<meta name=\"twitter:data1\" content=\"doominio\" \/>\n\t<meta name=\"twitter:label2\" content=\"Est. reading time\" \/>\n\t<meta name=\"twitter:data2\" content=\"1 minute\" \/>\n<script type=\"application\/ld+json\" class=\"yoast-schema-graph\">{\"@context\":\"https:\\\/\\\/schema.org\",\"@graph\":[{\"@type\":\"Article\",\"@id\":\"https:\\\/\\\/www.shojifilms.com\\\/post\\\/eli-en-la-seccion-oficial-del-festival-de-malaga-y-del-festival-de-medina-del-campo\\\/#article\",\"isPartOf\":{\"@id\":\"https:\\\/\\\/www.shojifilms.com\\\/post\\\/eli-en-la-seccion-oficial-del-festival-de-malaga-y-del-festival-de-medina-del-campo\\\/\"},\"author\":{\"name\":\"doominio\",\"@id\":\"https:\\\/\\\/www.shojifilms.com\\\/#\\\/schema\\\/person\\\/6ee60897fbb7fb4ad6634c73f4be87fa\"},\"headline\":\"ELI en la secci\u00f3n oficial del Festival de M\u00e1laga y del Festival de Medina del Campo\",\"datePublished\":\"2024-03-01T10:11:44+00:00\",\"dateModified\":\"2024-03-07T12:38:24+00:00\",\"mainEntityOfPage\":{\"@id\":\"https:\\\/\\\/www.shojifilms.com\\\/post\\\/eli-en-la-seccion-oficial-del-festival-de-malaga-y-del-festival-de-medina-del-campo\\\/\"},\"wordCount\":214,\"publisher\":{\"@id\":\"https:\\\/\\\/www.shojifilms.com\\\/#organization\"},\"image\":{\"@id\":\"https:\\\/\\\/www.shojifilms.com\\\/post\\\/eli-en-la-seccion-oficial-del-festival-de-malaga-y-del-festival-de-medina-del-campo\\\/#primaryimage\"},\"thumbnailUrl\":\"https:\\\/\\\/www.shojifilms.com\\\/wp-content\\\/uploads\\\/2024\\\/03\\\/image.jpeg\",\"articleSection\":[\"General\"],\"inLanguage\":\"en-US\"},{\"@type\":\"WebPage\",\"@id\":\"https:\\\/\\\/www.shojifilms.com\\\/post\\\/eli-en-la-seccion-oficial-del-festival-de-malaga-y-del-festival-de-medina-del-campo\\\/\",\"url\":\"https:\\\/\\\/www.shojifilms.com\\\/post\\\/eli-en-la-seccion-oficial-del-festival-de-malaga-y-del-festival-de-medina-del-campo\\\/\",\"name\":\"ELI en la secci\u00f3n oficial del Festival de M\u00e1laga y del Festival de Medina del Campo - SHOJI FILMS\",\"isPartOf\":{\"@id\":\"https:\\\/\\\/www.shojifilms.com\\\/#website\"},\"primaryImageOfPage\":{\"@id\":\"https:\\\/\\\/www.shojifilms.com\\\/post\\\/eli-en-la-seccion-oficial-del-festival-de-malaga-y-del-festival-de-medina-del-campo\\\/#primaryimage\"},\"image\":{\"@id\":\"https:\\\/\\\/www.shojifilms.com\\\/post\\\/eli-en-la-seccion-oficial-del-festival-de-malaga-y-del-festival-de-medina-del-campo\\\/#primaryimage\"},\"thumbnailUrl\":\"https:\\\/\\\/www.shojifilms.com\\\/wp-content\\\/uploads\\\/2024\\\/03\\\/image.jpeg\",\"datePublished\":\"2024-03-01T10:11:44+00:00\",\"dateModified\":\"2024-03-07T12:38:24+00:00\",\"description\":\"Nuestro cortometraje Eli dirigido por \u00c1lvaro L\u00f3pez Alba y que hemos coproducido junto a Nexus CreaFilms, sigue cosechando selecciones en festivales\",\"breadcrumb\":{\"@id\":\"https:\\\/\\\/www.shojifilms.com\\\/post\\\/eli-en-la-seccion-oficial-del-festival-de-malaga-y-del-festival-de-medina-del-campo\\\/#breadcrumb\"},\"inLanguage\":\"en-US\",\"potentialAction\":[{\"@type\":\"ReadAction\",\"target\":[\"https:\\\/\\\/www.shojifilms.com\\\/post\\\/eli-en-la-seccion-oficial-del-festival-de-malaga-y-del-festival-de-medina-del-campo\\\/\"]}]},{\"@type\":\"ImageObject\",\"inLanguage\":\"en-US\",\"@id\":\"https:\\\/\\\/www.shojifilms.com\\\/post\\\/eli-en-la-seccion-oficial-del-festival-de-malaga-y-del-festival-de-medina-del-campo\\\/#primaryimage\",\"url\":\"https:\\\/\\\/www.shojifilms.com\\\/wp-content\\\/uploads\\\/2024\\\/03\\\/image.jpeg\",\"contentUrl\":\"https:\\\/\\\/www.shojifilms.com\\\/wp-content\\\/uploads\\\/2024\\\/03\\\/image.jpeg\",\"width\":810,\"height\":608,\"caption\":\"ELI en la secci\u00f3n oficial del Festival de M\u00e1laga y del Festival de Medina del Campo\"},{\"@type\":\"BreadcrumbList\",\"@id\":\"https:\\\/\\\/www.shojifilms.com\\\/post\\\/eli-en-la-seccion-oficial-del-festival-de-malaga-y-del-festival-de-medina-del-campo\\\/#breadcrumb\",\"itemListElement\":[{\"@type\":\"ListItem\",\"position\":1,\"name\":\"Home\",\"item\":\"https:\\\/\\\/www.shojifilms.com\\\/\"},{\"@type\":\"ListItem\",\"position\":2,\"name\":\"ELI en la secci\u00f3n oficial del Festival de M\u00e1laga y del Festival de Medina del Campo\"}]},{\"@type\":\"WebSite\",\"@id\":\"https:\\\/\\\/www.shojifilms.com\\\/#website\",\"url\":\"https:\\\/\\\/www.shojifilms.com\\\/\",\"name\":\"SHOJI FILMS\",\"description\":\"Productora audiovisual en Barcelona\",\"publisher\":{\"@id\":\"https:\\\/\\\/www.shojifilms.com\\\/#organization\"},\"potentialAction\":[{\"@type\":\"SearchAction\",\"target\":{\"@type\":\"EntryPoint\",\"urlTemplate\":\"https:\\\/\\\/www.shojifilms.com\\\/?s={search_term_string}\"},\"query-input\":{\"@type\":\"PropertyValueSpecification\",\"valueRequired\":true,\"valueName\":\"search_term_string\"}}],\"inLanguage\":\"en-US\"},{\"@type\":\"Organization\",\"@id\":\"https:\\\/\\\/www.shojifilms.com\\\/#organization\",\"name\":\"SHOJI FILMS\",\"url\":\"https:\\\/\\\/www.shojifilms.com\\\/\",\"logo\":{\"@type\":\"ImageObject\",\"inLanguage\":\"en-US\",\"@id\":\"https:\\\/\\\/www.shojifilms.com\\\/#\\\/schema\\\/logo\\\/image\\\/\",\"url\":\"https:\\\/\\\/www.shojifilms.com\\\/wp-content\\\/uploads\\\/2023\\\/04\\\/image.png\",\"contentUrl\":\"https:\\\/\\\/www.shojifilms.com\\\/wp-content\\\/uploads\\\/2023\\\/04\\\/image.png\",\"width\":468,\"height\":262,\"caption\":\"SHOJI FILMS\"},\"image\":{\"@id\":\"https:\\\/\\\/www.shojifilms.com\\\/#\\\/schema\\\/logo\\\/image\\\/\"},\"sameAs\":[\"https:\\\/\\\/www.facebook.com\\\/shojifilms\\\/\",\"http:\\\/\\\/instagram.com\\\/shojifilms\",\"https:\\\/\\\/vimeo.com\\\/shojifilms\",\"https:\\\/\\\/es.linkedin.com\\\/company\\\/shoji-films?trk=public_profile_topcard-current-company\"]},{\"@type\":\"Person\",\"@id\":\"https:\\\/\\\/www.shojifilms.com\\\/#\\\/schema\\\/person\\\/6ee60897fbb7fb4ad6634c73f4be87fa\",\"name\":\"doominio\",\"image\":{\"@type\":\"ImageObject\",\"inLanguage\":\"en-US\",\"@id\":\"https:\\\/\\\/www.shojifilms.com\\\/wp-content\\\/litespeed\\\/avatar\\\/51a2a0a3ffe42439284a6ac18cdd7ab2.jpg?ver=1777245870\",\"url\":\"https:\\\/\\\/www.shojifilms.com\\\/wp-content\\\/litespeed\\\/avatar\\\/51a2a0a3ffe42439284a6ac18cdd7ab2.jpg?ver=1777245870\",\"contentUrl\":\"https:\\\/\\\/www.shojifilms.com\\\/wp-content\\\/litespeed\\\/avatar\\\/51a2a0a3ffe42439284a6ac18cdd7ab2.jpg?ver=1777245870\",\"caption\":\"doominio\"},\"sameAs\":[\"https:\\\/\\\/www.shojifilms.com\"]}]}<\/script>\n<!-- \/ Yoast SEO plugin. -->","yoast_head_json":{"title":"ELI in the official section of the Malaga Festival and the Medina del Campo Festival - SHOJI FILMS","description":"Our short film Eli directed by \u00c1lvaro L\u00f3pez Alba and which we have co-produced with Nexus CreaFilms, continues to garner selections at festivals","robots":{"index":"index","follow":"follow","max-snippet":"max-snippet:-1","max-image-preview":"max-image-preview:large","max-video-preview":"max-video-preview:-1"},"canonical":"https:\/\/www.shojifilms.com\/en\/post\/eli-en-la-seccion-oficial-del-festival-de-malaga-y-del-festival-de-medina-del-campo\/","og_locale":"en_US","og_type":"article","og_title":"ELI en la secci\u00f3n oficial del Festival de M\u00e1laga y del Festival de Medina del Campo - SHOJI FILMS","og_description":"Nuestro cortometraje Eli dirigido por \u00c1lvaro L\u00f3pez Alba y que hemos coproducido junto a Nexus CreaFilms, sigue cosechando selecciones en festivales","og_url":"https:\/\/www.shojifilms.com\/en\/post\/eli-en-la-seccion-oficial-del-festival-de-malaga-y-del-festival-de-medina-del-campo\/","og_site_name":"SHOJI FILMS","article_publisher":"https:\/\/www.facebook.com\/shojifilms\/","article_published_time":"2024-03-01T10:11:44+00:00","article_modified_time":"2024-03-07T12:38:24+00:00","og_image":[{"width":810,"height":608,"url":"https:\/\/www.shojifilms.com\/wp-content\/uploads\/2024\/03\/image.jpeg","type":"image\/jpeg"}],"author":"doominio","twitter_card":"summary_large_image","twitter_misc":{"Written by":"doominio","Est. reading time":"1 minute"},"schema":{"@context":"https:\/\/schema.org","@graph":[{"@type":"Article","@id":"https:\/\/www.shojifilms.com\/post\/eli-en-la-seccion-oficial-del-festival-de-malaga-y-del-festival-de-medina-del-campo\/#article","isPartOf":{"@id":"https:\/\/www.shojifilms.com\/post\/eli-en-la-seccion-oficial-del-festival-de-malaga-y-del-festival-de-medina-del-campo\/"},"author":{"name":"doominio","@id":"https:\/\/www.shojifilms.com\/#\/schema\/person\/6ee60897fbb7fb4ad6634c73f4be87fa"},"headline":"ELI en la secci\u00f3n oficial del Festival de M\u00e1laga y del Festival de Medina del Campo","datePublished":"2024-03-01T10:11:44+00:00","dateModified":"2024-03-07T12:38:24+00:00","mainEntityOfPage":{"@id":"https:\/\/www.shojifilms.com\/post\/eli-en-la-seccion-oficial-del-festival-de-malaga-y-del-festival-de-medina-del-campo\/"},"wordCount":214,"publisher":{"@id":"https:\/\/www.shojifilms.com\/#organization"},"image":{"@id":"https:\/\/www.shojifilms.com\/post\/eli-en-la-seccion-oficial-del-festival-de-malaga-y-del-festival-de-medina-del-campo\/#primaryimage"},"thumbnailUrl":"https:\/\/www.shojifilms.com\/wp-content\/uploads\/2024\/03\/image.jpeg","articleSection":["General"],"inLanguage":"en-US"},{"@type":"WebPage","@id":"https:\/\/www.shojifilms.com\/post\/eli-en-la-seccion-oficial-del-festival-de-malaga-y-del-festival-de-medina-del-campo\/","url":"https:\/\/www.shojifilms.com\/post\/eli-en-la-seccion-oficial-del-festival-de-malaga-y-del-festival-de-medina-del-campo\/","name":"ELI in the official section of the Malaga Festival and the Medina del Campo Festival - SHOJI FILMS","isPartOf":{"@id":"https:\/\/www.shojifilms.com\/#website"},"primaryImageOfPage":{"@id":"https:\/\/www.shojifilms.com\/post\/eli-en-la-seccion-oficial-del-festival-de-malaga-y-del-festival-de-medina-del-campo\/#primaryimage"},"image":{"@id":"https:\/\/www.shojifilms.com\/post\/eli-en-la-seccion-oficial-del-festival-de-malaga-y-del-festival-de-medina-del-campo\/#primaryimage"},"thumbnailUrl":"https:\/\/www.shojifilms.com\/wp-content\/uploads\/2024\/03\/image.jpeg","datePublished":"2024-03-01T10:11:44+00:00","dateModified":"2024-03-07T12:38:24+00:00","description":"Our short film Eli directed by \u00c1lvaro L\u00f3pez Alba and which we have co-produced with Nexus CreaFilms, continues to garner selections at festivals","breadcrumb":{"@id":"https:\/\/www.shojifilms.com\/post\/eli-en-la-seccion-oficial-del-festival-de-malaga-y-del-festival-de-medina-del-campo\/#breadcrumb"},"inLanguage":"en-US","potentialAction":[{"@type":"ReadAction","target":["https:\/\/www.shojifilms.com\/post\/eli-en-la-seccion-oficial-del-festival-de-malaga-y-del-festival-de-medina-del-campo\/"]}]},{"@type":"ImageObject","inLanguage":"en-US","@id":"https:\/\/www.shojifilms.com\/post\/eli-en-la-seccion-oficial-del-festival-de-malaga-y-del-festival-de-medina-del-campo\/#primaryimage","url":"https:\/\/www.shojifilms.com\/wp-content\/uploads\/2024\/03\/image.jpeg","contentUrl":"https:\/\/www.shojifilms.com\/wp-content\/uploads\/2024\/03\/image.jpeg","width":810,"height":608,"caption":"ELI en la secci\u00f3n oficial del Festival de M\u00e1laga y del Festival de Medina del Campo"},{"@type":"BreadcrumbList","@id":"https:\/\/www.shojifilms.com\/post\/eli-en-la-seccion-oficial-del-festival-de-malaga-y-del-festival-de-medina-del-campo\/#breadcrumb","itemListElement":[{"@type":"ListItem","position":1,"name":"Home","item":"https:\/\/www.shojifilms.com\/"},{"@type":"ListItem","position":2,"name":"ELI en la secci\u00f3n oficial del Festival de M\u00e1laga y del Festival de Medina del Campo"}]},{"@type":"WebSite","@id":"https:\/\/www.shojifilms.com\/#website","url":"https:\/\/www.shojifilms.com\/","name":"SHOJI FILMS","description":"Audiovisual producer in Barcelona","publisher":{"@id":"https:\/\/www.shojifilms.com\/#organization"},"potentialAction":[{"@type":"SearchAction","target":{"@type":"EntryPoint","urlTemplate":"https:\/\/www.shojifilms.com\/?s={search_term_string}"},"query-input":{"@type":"PropertyValueSpecification","valueRequired":true,"valueName":"search_term_string"}}],"inLanguage":"en-US"},{"@type":"Organization","@id":"https:\/\/www.shojifilms.com\/#organization","name":"SHOJI FILMS","url":"https:\/\/www.shojifilms.com\/","logo":{"@type":"ImageObject","inLanguage":"en-US","@id":"https:\/\/www.shojifilms.com\/#\/schema\/logo\/image\/","url":"https:\/\/www.shojifilms.com\/wp-content\/uploads\/2023\/04\/image.png","contentUrl":"https:\/\/www.shojifilms.com\/wp-content\/uploads\/2023\/04\/image.png","width":468,"height":262,"caption":"SHOJI FILMS"},"image":{"@id":"https:\/\/www.shojifilms.com\/#\/schema\/logo\/image\/"},"sameAs":["https:\/\/www.facebook.com\/shojifilms\/","http:\/\/instagram.com\/shojifilms","https:\/\/vimeo.com\/shojifilms","https:\/\/es.linkedin.com\/company\/shoji-films?trk=public_profile_topcard-current-company"]},{"@type":"Person","@id":"https:\/\/www.shojifilms.com\/#\/schema\/person\/6ee60897fbb7fb4ad6634c73f4be87fa","name":"doominio","image":{"@type":"ImageObject","inLanguage":"en-US","@id":"https:\/\/www.shojifilms.com\/wp-content\/litespeed\/avatar\/51a2a0a3ffe42439284a6ac18cdd7ab2.jpg?ver=1777245870","url":"https:\/\/www.shojifilms.com\/wp-content\/litespeed\/avatar\/51a2a0a3ffe42439284a6ac18cdd7ab2.jpg?ver=1777245870","contentUrl":"https:\/\/www.shojifilms.com\/wp-content\/litespeed\/avatar\/51a2a0a3ffe42439284a6ac18cdd7ab2.jpg?ver=1777245870","caption":"doominio"},"sameAs":["https:\/\/www.shojifilms.com"]}]}},"_links":{"self":[{"href":"https:\/\/www.shojifilms.com\/en\/wp-json\/wp\/v2\/posts\/2213","targetHints":{"allow":["GET"]}}],"collection":[{"href":"https:\/\/www.shojifilms.com\/en\/wp-json\/wp\/v2\/posts"}],"about":[{"href":"https:\/\/www.shojifilms.com\/en\/wp-json\/wp\/v2\/types\/post"}],"author":[{"embeddable":true,"href":"https:\/\/www.shojifilms.com\/en\/wp-json\/wp\/v2\/users\/1"}],"replies":[{"embeddable":true,"href":"https:\/\/www.shojifilms.com\/en\/wp-json\/wp\/v2\/comments?post=2213"}],"version-history":[{"count":2,"href":"https:\/\/www.shojifilms.com\/en\/wp-json\/wp\/v2\/posts\/2213\/revisions"}],"predecessor-version":[{"id":2289,"href":"https:\/\/www.shojifilms.com\/en\/wp-json\/wp\/v2\/posts\/2213\/revisions\/2289"}],"wp:featuredmedia":[{"embeddable":true,"href":"https:\/\/www.shojifilms.com\/en\/wp-json\/wp\/v2\/media\/2288"}],"wp:attachment":[{"href":"https:\/\/www.shojifilms.com\/en\/wp-json\/wp\/v2\/media?parent=2213"}],"wp:term":[{"taxonomy":"category","embeddable":true,"href":"https:\/\/www.shojifilms.com\/en\/wp-json\/wp\/v2\/categories?post=2213"},{"taxonomy":"post_tag","embeddable":true,"href":"https:\/\/www.shojifilms.com\/en\/wp-json\/wp\/v2\/tags?post=2213"}],"curies":[{"name":"wp","href":"https:\/\/api.w.org\/{rel}","templated":true}]}}