{"id":2680,"date":"2025-01-05T20:09:13","date_gmt":"2025-01-05T19:09:13","guid":{"rendered":"https:\/\/www.shojifilms.com\/?p=2680"},"modified":"2025-01-05T20:09:13","modified_gmt":"2025-01-05T19:09:13","slug":"iniciamos-la-produccion-de-cap-al-cel-primer-cortometraje-de-animacion-de-shoji-films","status":"publish","type":"post","link":"https:\/\/www.shojifilms.com\/en\/post\/iniciamos-la-produccion-de-cap-al-cel-primer-cortometraje-de-animacion-de-shoji-films\/","title":{"rendered":"We started the production of \u201cCap al cel\u201d, the first animated short film by Shoji Films"},"content":{"rendered":"<p>Last November we started the production of the animated short film <a href=\"https:\/\/www.shojifilms.com\/en\/producciones\/cap-al-cel\/\"><em>Cap al cel<\/em><\/a>, directed by Nicol\u00e1s Sole. It is a co-production with <strong>Friends Kamikaze Cinema,<\/strong> <strong>Dosmentes Productions<\/strong> and <strong>Damian Perea Productions.<\/strong><\/p>\n<p><em>Cap al cel<\/em> The film tells the story of a boy who has just lost his grandmother and finds out that all the dead go to heaven, so he decides to become a pilot to go find her and bring her back home. This project, which is based on an original idea by director Nicol\u00e1s Sole with a script by Estefania Ortiz, has received support and funding from the ICAA, the ICEC and the Martorell City Council and has a team of animators and artists in traditional digital 2D animation led by Yaiza Ortiz, Jordi Minguell, Xavi Carmona and Roger Banus.<\/p>\n<p>We leave you a first preview of the visual proposal of\u00a0<em>Cap to cell.<\/em><\/p>\n<p><img fetchpriority=\"high\" decoding=\"async\" class=\"aligncenter size-large wp-image-2657\" title=\"We started the production of \"cap al cel\", primer cortometraje de animaci\u00f3n shoji films\" src =\"https:\/\/www.shojifilms.com\/wp-content\/uploads\/2024\/12\/Cap-al-cel-ShojiFilms-Fotograma3-1024x576.png\" alt=\"We started the production of \" width=\"1024\"height =\"576\" srcset =\"https:\/\/www.shojifilms.com\/wp-content\/uploads\/2024\/12\/Cap-al-cel-ShojiFilms-Fotograma3-1024x576.png 1024w, https:\/\/www.shojifilms.com\/wp-content\/uploads\/2024\/12\/Cap-al-cel-ShojiFilms-Fotograma3-300x169.png 300w, https:\/\/www.shojifilms.com\/wp-content\/uploads\/2024\/12\/Cap-al-cel-ShojiFilms-Fotograma3-768x432.png 768w, https:\/\/www.shojifilms.com\/wp-content\/uploads\/2024\/12\/Cap-al-cel-ShojiFilms-Fotograma3-1536x864.png 1536w, https:\/\/www.shojifilms.com\/wp-content\/uploads\/2024\/12\/Cap-al-cel-ShojiFilms-Fotograma3-2048x1152.png 2048w, https:\/\/www.shojifilms.com\/wp-content\/uploads\/2024\/12\/Cap-al-cel-ShojiFilms-Fotograma3-18x10.png 18w\" sizes =\"(max-width: 1024px) 100vw, 1024px\" \/> <img decoding=\"async\" class=\"aligncenter size-large wp-image-2658\" title=\"We started the production of \"cap al cel\", primer cortometraje de animaci\u00f3n shoji films\" src =\"https:\/\/www.shojifilms.com\/wp-content\/uploads\/2024\/12\/Cap-al-cel-ShojiFilms-Fotograma1-1024x576.jpg\" alt=\"We started the production of \" width=\"1024\"height =\"576\" srcset =\"https:\/\/www.shojifilms.com\/wp-content\/uploads\/2024\/12\/Cap-al-cel-ShojiFilms-Fotograma1-1024x576.jpg 1024w, https:\/\/www.shojifilms.com\/wp-content\/uploads\/2024\/12\/Cap-al-cel-ShojiFilms-Fotograma1-300x169.jpg 300w, https:\/\/www.shojifilms.com\/wp-content\/uploads\/2024\/12\/Cap-al-cel-ShojiFilms-Fotograma1-768x432.jpg 768w, https:\/\/www.shojifilms.com\/wp-content\/uploads\/2024\/12\/Cap-al-cel-ShojiFilms-Fotograma1-1536x864.jpg 1536w, https:\/\/www.shojifilms.com\/wp-content\/uploads\/2024\/12\/Cap-al-cel-ShojiFilms-Fotograma1-2048x1152.jpg 2048w, https:\/\/www.shojifilms.com\/wp-content\/uploads\/2024\/12\/Cap-al-cel-ShojiFilms-Fotograma1-18x10.jpg 18w\" sizes =\"(max-width: 1024px) 100vw, 1024px\" \/> <img decoding=\"async\" class=\"aligncenter size-large wp-image-2656\" title=\"We started the production of \"cap al cel\", primer cortometraje de animaci\u00f3n shoji films\" src =\"https:\/\/www.shojifilms.com\/wp-content\/uploads\/2024\/12\/Cap-al-cel-ShojiFilms-Fotograma2-1024x576.png\" alt=\"We started the production of \" width=\"1024\"height =\"576\" srcset =\"https:\/\/www.shojifilms.com\/wp-content\/uploads\/2024\/12\/Cap-al-cel-ShojiFilms-Fotograma2-1024x576.png 1024w, https:\/\/www.shojifilms.com\/wp-content\/uploads\/2024\/12\/Cap-al-cel-ShojiFilms-Fotograma2-300x169.png 300w, https:\/\/www.shojifilms.com\/wp-content\/uploads\/2024\/12\/Cap-al-cel-ShojiFilms-Fotograma2-768x432.png 768w, https:\/\/www.shojifilms.com\/wp-content\/uploads\/2024\/12\/Cap-al-cel-ShojiFilms-Fotograma2-1536x864.png 1536w, https:\/\/www.shojifilms.com\/wp-content\/uploads\/2024\/12\/Cap-al-cel-ShojiFilms-Fotograma2-2048x1152.png 2048w, https:\/\/www.shojifilms.com\/wp-content\/uploads\/2024\/12\/Cap-al-cel-ShojiFilms-Fotograma2-18x10.png 18w\" sizes =\"(max-width: 1024px) 100vw, 1024px\" \/> <img loading=\"lazy\" decoding=\"async\" class=\"aligncenter size-large wp-image-2655\" title=\"We started the production of \"cap al cel\", primer cortometraje de animaci\u00f3n shoji films\" src =\"https:\/\/www.shojifilms.com\/wp-content\/uploads\/2024\/12\/Cap-al-cel-ShojiFilms-Fotograma4-1024x576.png\" alt=\"We started the production of \" width=\"1024\"height =\"576\" srcset =\"https:\/\/www.shojifilms.com\/wp-content\/uploads\/2024\/12\/Cap-al-cel-ShojiFilms-Fotograma4-1024x576.png 1024w, https:\/\/www.shojifilms.com\/wp-content\/uploads\/2024\/12\/Cap-al-cel-ShojiFilms-Fotograma4-300x169.png 300w, https:\/\/www.shojifilms.com\/wp-content\/uploads\/2024\/12\/Cap-al-cel-ShojiFilms-Fotograma4-768x432.png 768w, https:\/\/www.shojifilms.com\/wp-content\/uploads\/2024\/12\/Cap-al-cel-ShojiFilms-Fotograma4-1536x864.png 1536w, https:\/\/www.shojifilms.com\/wp-content\/uploads\/2024\/12\/Cap-al-cel-ShojiFilms-Fotograma4-2048x1152.png 2048w, https:\/\/www.shojifilms.com\/wp-content\/uploads\/2024\/12\/Cap-al-cel-ShojiFilms-Fotograma4-18x10.png 18w\" sizes =\"(max-width: 1024px) 100vw, 1024px\" \/> <img loading=\"lazy\" decoding=\"async\" class=\"aligncenter size-large wp-image-2654\" title=\"We started the production of \"cap al cel\", primer cortometraje de animaci\u00f3n shoji films\" src =\"https:\/\/www.shojifilms.com\/wp-content\/uploads\/2024\/12\/Cap-al-cel-ShojiFilms-Fotograma5-1024x576.png\" alt=\"We started the production of \" width=\"1024\"height =\"576\" srcset =\"https:\/\/www.shojifilms.com\/wp-content\/uploads\/2024\/12\/Cap-al-cel-ShojiFilms-Fotograma5-1024x576.png 1024w, https:\/\/www.shojifilms.com\/wp-content\/uploads\/2024\/12\/Cap-al-cel-ShojiFilms-Fotograma5-300x169.png 300w, https:\/\/www.shojifilms.com\/wp-content\/uploads\/2024\/12\/Cap-al-cel-ShojiFilms-Fotograma5-768x432.png 768w, https:\/\/www.shojifilms.com\/wp-content\/uploads\/2024\/12\/Cap-al-cel-ShojiFilms-Fotograma5-1536x864.png 1536w, https:\/\/www.shojifilms.com\/wp-content\/uploads\/2024\/12\/Cap-al-cel-ShojiFilms-Fotograma5-2048x1152.png 2048w, https:\/\/www.shojifilms.com\/wp-content\/uploads\/2024\/12\/Cap-al-cel-ShojiFilms-Fotograma5-18x10.png 18w\" sizes =\"(max-width: 1024px) 100vw, 1024px\" \/><\/p>\n<p>&nbsp;<\/p>\n<p>Production will last until August 2025. From then on, we will begin distribution at festivals around the world, hoping to have a good reception.<\/p>\n<p>Looking forward to sharing this short film with the world!<\/p>","protected":false},"excerpt":{"rendered":"<p>El pasado mes de noviembre iniciamos la producci\u00f3n del cortometraje de animaci\u00f3n Cap al cel, dirigido por Nicol\u00e1s Sole. Se trata de una coproducci\u00f3n con Amigos Cine Kamikaze, Producciones Dosmentes y Dami\u00e1n Perea Producciones. Cap al cel cuenta la historia de un ni\u00f1o que acaba de perder a su abuela y se entera de que [&hellip;]<\/p>\n","protected":false},"author":2,"featured_media":2660,"comment_status":"closed","ping_status":"closed","sticky":false,"template":"","format":"standard","meta":{"_acf_changed":false,"site-sidebar-layout":"default","site-content-layout":"","ast-site-content-layout":"default","site-content-style":"default","site-sidebar-style":"default","ast-global-header-display":"","ast-banner-title-visibility":"","ast-main-header-display":"","ast-hfb-above-header-display":"","ast-hfb-below-header-display":"","ast-hfb-mobile-header-display":"","site-post-title":"","ast-breadcrumbs-content":"","ast-featured-img":"","footer-sml-layout":"","ast-disable-related-posts":"","theme-transparent-header-meta":"default","adv-header-id-meta":"","stick-header-meta":"default","header-above-stick-meta":"","header-main-stick-meta":"","header-below-stick-meta":"","astra-migrate-meta-layouts":"set","ast-page-background-enabled":"default","ast-page-background-meta":{"desktop":{"background-color":"","background-image":"","background-repeat":"repeat","background-position":"center center","background-size":"auto","background-attachment":"scroll","background-type":"","background-media":"","overlay-type":"","overlay-color":"","overlay-opacity":"","overlay-gradient":""},"tablet":{"background-color":"","background-image":"","background-repeat":"repeat","background-position":"center center","background-size":"auto","background-attachment":"scroll","background-type":"","background-media":"","overlay-type":"","overlay-color":"","overlay-opacity":"","overlay-gradient":""},"mobile":{"background-color":"","background-image":"","background-repeat":"repeat","background-position":"center center","background-size":"auto","background-attachment":"scroll","background-type":"","background-media":"","overlay-type":"","overlay-color":"","overlay-opacity":"","overlay-gradient":""}},"ast-content-background-meta":{"desktop":{"background-color":"var(--ast-global-color-5)","background-image":"","background-repeat":"repeat","background-position":"center center","background-size":"auto","background-attachment":"scroll","background-type":"","background-media":"","overlay-type":"","overlay-color":"","overlay-opacity":"","overlay-gradient":""},"tablet":{"background-color":"var(--ast-global-color-5)","background-image":"","background-repeat":"repeat","background-position":"center center","background-size":"auto","background-attachment":"scroll","background-type":"","background-media":"","overlay-type":"","overlay-color":"","overlay-opacity":"","overlay-gradient":""},"mobile":{"background-color":"var(--ast-global-color-5)","background-image":"","background-repeat":"repeat","background-position":"center center","background-size":"auto","background-attachment":"scroll","background-type":"","background-media":"","overlay-type":"","overlay-color":"","overlay-opacity":"","overlay-gradient":""}},"footnotes":""},"categories":[49,1],"tags":[],"class_list":["post-2680","post","type-post","status-publish","format-standard","has-post-thumbnail","hentry","category-cortometraje","category-general"],"acf":[],"yoast_head":"<!-- This site is optimized with the Yoast SEO plugin v27.4 - https:\/\/yoast.com\/product\/yoast-seo-wordpress\/ -->\n<title>Iniciamos la producci\u00f3n de &quot;Cap al cel&quot;, primer cortometraje de animaci\u00f3n de Shoji Films - SHOJI FILMS<\/title>\n<meta name=\"description\" content=\"El pasado mes de noviembre iniciamos la producci\u00f3n del cortometraje de animaci\u00f3n Cap al cel, dirigido por Nicol\u00e1s Sole. Se trata de una coproducci\u00f3n con\" \/>\n<meta name=\"robots\" content=\"index, follow, max-snippet:-1, max-image-preview:large, max-video-preview:-1\" \/>\n<link rel=\"canonical\" href=\"https:\/\/www.shojifilms.com\/en\/post\/iniciamos-la-produccion-de-cap-al-cel-primer-cortometraje-de-animacion-de-shoji-films\/\" \/>\n<meta property=\"og:locale\" content=\"en_US\" \/>\n<meta property=\"og:type\" content=\"article\" \/>\n<meta property=\"og:title\" content=\"Iniciamos la producci\u00f3n de &quot;Cap al cel&quot;, primer cortometraje de animaci\u00f3n de Shoji Films - SHOJI FILMS\" \/>\n<meta property=\"og:description\" content=\"El pasado mes de noviembre iniciamos la producci\u00f3n del cortometraje de animaci\u00f3n Cap al cel, dirigido por Nicol\u00e1s Sole. Se trata de una coproducci\u00f3n con\" \/>\n<meta property=\"og:url\" content=\"https:\/\/www.shojifilms.com\/en\/post\/iniciamos-la-produccion-de-cap-al-cel-primer-cortometraje-de-animacion-de-shoji-films\/\" \/>\n<meta property=\"og:site_name\" content=\"SHOJI FILMS\" \/>\n<meta property=\"article:publisher\" content=\"https:\/\/www.facebook.com\/shojifilms\/\" \/>\n<meta property=\"article:published_time\" content=\"2025-01-05T19:09:13+00:00\" \/>\n<meta property=\"og:image\" content=\"https:\/\/www.shojifilms.com\/wp-content\/uploads\/2024\/12\/DESTACADA.jpg\" \/>\n\t<meta property=\"og:image:width\" content=\"1920\" \/>\n\t<meta property=\"og:image:height\" content=\"1440\" \/>\n\t<meta property=\"og:image:type\" content=\"image\/jpeg\" \/>\n<meta name=\"author\" content=\"Shoji\" \/>\n<meta name=\"twitter:card\" content=\"summary_large_image\" \/>\n<meta name=\"twitter:label1\" content=\"Written by\" \/>\n\t<meta name=\"twitter:data1\" content=\"Shoji\" \/>\n\t<meta name=\"twitter:label2\" content=\"Est. reading time\" \/>\n\t<meta name=\"twitter:data2\" content=\"1 minute\" \/>\n<script type=\"application\/ld+json\" class=\"yoast-schema-graph\">{\"@context\":\"https:\\\/\\\/schema.org\",\"@graph\":[{\"@type\":\"Article\",\"@id\":\"https:\\\/\\\/www.shojifilms.com\\\/post\\\/iniciamos-la-produccion-de-cap-al-cel-primer-cortometraje-de-animacion-de-shoji-films\\\/#article\",\"isPartOf\":{\"@id\":\"https:\\\/\\\/www.shojifilms.com\\\/post\\\/iniciamos-la-produccion-de-cap-al-cel-primer-cortometraje-de-animacion-de-shoji-films\\\/\"},\"author\":{\"name\":\"Shoji\",\"@id\":\"https:\\\/\\\/www.shojifilms.com\\\/#\\\/schema\\\/person\\\/f85d9f724d4b1b3f72566adff8629b90\"},\"headline\":\"Iniciamos la producci\u00f3n de \u00abCap al cel\u00bb, primer cortometraje de animaci\u00f3n de Shoji Films\",\"datePublished\":\"2025-01-05T19:09:13+00:00\",\"mainEntityOfPage\":{\"@id\":\"https:\\\/\\\/www.shojifilms.com\\\/post\\\/iniciamos-la-produccion-de-cap-al-cel-primer-cortometraje-de-animacion-de-shoji-films\\\/\"},\"wordCount\":216,\"publisher\":{\"@id\":\"https:\\\/\\\/www.shojifilms.com\\\/#organization\"},\"image\":{\"@id\":\"https:\\\/\\\/www.shojifilms.com\\\/post\\\/iniciamos-la-produccion-de-cap-al-cel-primer-cortometraje-de-animacion-de-shoji-films\\\/#primaryimage\"},\"thumbnailUrl\":\"https:\\\/\\\/www.shojifilms.com\\\/wp-content\\\/uploads\\\/2024\\\/12\\\/DESTACADA.jpg\",\"articleSection\":[\"Cortometraje\",\"General\"],\"inLanguage\":\"en-US\"},{\"@type\":\"WebPage\",\"@id\":\"https:\\\/\\\/www.shojifilms.com\\\/post\\\/iniciamos-la-produccion-de-cap-al-cel-primer-cortometraje-de-animacion-de-shoji-films\\\/\",\"url\":\"https:\\\/\\\/www.shojifilms.com\\\/post\\\/iniciamos-la-produccion-de-cap-al-cel-primer-cortometraje-de-animacion-de-shoji-films\\\/\",\"name\":\"Iniciamos la producci\u00f3n de \\\"Cap al cel\\\", primer cortometraje de animaci\u00f3n de Shoji Films - SHOJI FILMS\",\"isPartOf\":{\"@id\":\"https:\\\/\\\/www.shojifilms.com\\\/#website\"},\"primaryImageOfPage\":{\"@id\":\"https:\\\/\\\/www.shojifilms.com\\\/post\\\/iniciamos-la-produccion-de-cap-al-cel-primer-cortometraje-de-animacion-de-shoji-films\\\/#primaryimage\"},\"image\":{\"@id\":\"https:\\\/\\\/www.shojifilms.com\\\/post\\\/iniciamos-la-produccion-de-cap-al-cel-primer-cortometraje-de-animacion-de-shoji-films\\\/#primaryimage\"},\"thumbnailUrl\":\"https:\\\/\\\/www.shojifilms.com\\\/wp-content\\\/uploads\\\/2024\\\/12\\\/DESTACADA.jpg\",\"datePublished\":\"2025-01-05T19:09:13+00:00\",\"description\":\"El pasado mes de noviembre iniciamos la producci\u00f3n del cortometraje de animaci\u00f3n Cap al cel, dirigido por Nicol\u00e1s Sole. Se trata de una coproducci\u00f3n con\",\"breadcrumb\":{\"@id\":\"https:\\\/\\\/www.shojifilms.com\\\/post\\\/iniciamos-la-produccion-de-cap-al-cel-primer-cortometraje-de-animacion-de-shoji-films\\\/#breadcrumb\"},\"inLanguage\":\"en-US\",\"potentialAction\":[{\"@type\":\"ReadAction\",\"target\":[\"https:\\\/\\\/www.shojifilms.com\\\/post\\\/iniciamos-la-produccion-de-cap-al-cel-primer-cortometraje-de-animacion-de-shoji-films\\\/\"]}]},{\"@type\":\"ImageObject\",\"inLanguage\":\"en-US\",\"@id\":\"https:\\\/\\\/www.shojifilms.com\\\/post\\\/iniciamos-la-produccion-de-cap-al-cel-primer-cortometraje-de-animacion-de-shoji-films\\\/#primaryimage\",\"url\":\"https:\\\/\\\/www.shojifilms.com\\\/wp-content\\\/uploads\\\/2024\\\/12\\\/DESTACADA.jpg\",\"contentUrl\":\"https:\\\/\\\/www.shojifilms.com\\\/wp-content\\\/uploads\\\/2024\\\/12\\\/DESTACADA.jpg\",\"width\":1920,\"height\":1440,\"caption\":\"Cap al cel\"},{\"@type\":\"BreadcrumbList\",\"@id\":\"https:\\\/\\\/www.shojifilms.com\\\/post\\\/iniciamos-la-produccion-de-cap-al-cel-primer-cortometraje-de-animacion-de-shoji-films\\\/#breadcrumb\",\"itemListElement\":[{\"@type\":\"ListItem\",\"position\":1,\"name\":\"Home\",\"item\":\"https:\\\/\\\/www.shojifilms.com\\\/\"},{\"@type\":\"ListItem\",\"position\":2,\"name\":\"Iniciamos la producci\u00f3n de \u00abCap al cel\u00bb, primer cortometraje de animaci\u00f3n de Shoji Films\"}]},{\"@type\":\"WebSite\",\"@id\":\"https:\\\/\\\/www.shojifilms.com\\\/#website\",\"url\":\"https:\\\/\\\/www.shojifilms.com\\\/\",\"name\":\"SHOJI FILMS\",\"description\":\"Productora audiovisual en Barcelona\",\"publisher\":{\"@id\":\"https:\\\/\\\/www.shojifilms.com\\\/#organization\"},\"potentialAction\":[{\"@type\":\"SearchAction\",\"target\":{\"@type\":\"EntryPoint\",\"urlTemplate\":\"https:\\\/\\\/www.shojifilms.com\\\/?s={search_term_string}\"},\"query-input\":{\"@type\":\"PropertyValueSpecification\",\"valueRequired\":true,\"valueName\":\"search_term_string\"}}],\"inLanguage\":\"en-US\"},{\"@type\":\"Organization\",\"@id\":\"https:\\\/\\\/www.shojifilms.com\\\/#organization\",\"name\":\"SHOJI FILMS\",\"url\":\"https:\\\/\\\/www.shojifilms.com\\\/\",\"logo\":{\"@type\":\"ImageObject\",\"inLanguage\":\"en-US\",\"@id\":\"https:\\\/\\\/www.shojifilms.com\\\/#\\\/schema\\\/logo\\\/image\\\/\",\"url\":\"https:\\\/\\\/www.shojifilms.com\\\/wp-content\\\/uploads\\\/2023\\\/04\\\/image.png\",\"contentUrl\":\"https:\\\/\\\/www.shojifilms.com\\\/wp-content\\\/uploads\\\/2023\\\/04\\\/image.png\",\"width\":468,\"height\":262,\"caption\":\"SHOJI FILMS\"},\"image\":{\"@id\":\"https:\\\/\\\/www.shojifilms.com\\\/#\\\/schema\\\/logo\\\/image\\\/\"},\"sameAs\":[\"https:\\\/\\\/www.facebook.com\\\/shojifilms\\\/\",\"http:\\\/\\\/instagram.com\\\/shojifilms\",\"https:\\\/\\\/vimeo.com\\\/shojifilms\",\"https:\\\/\\\/es.linkedin.com\\\/company\\\/shoji-films?trk=public_profile_topcard-current-company\"]},{\"@type\":\"Person\",\"@id\":\"https:\\\/\\\/www.shojifilms.com\\\/#\\\/schema\\\/person\\\/f85d9f724d4b1b3f72566adff8629b90\",\"name\":\"Shoji\",\"image\":{\"@type\":\"ImageObject\",\"inLanguage\":\"en-US\",\"@id\":\"https:\\\/\\\/www.shojifilms.com\\\/wp-content\\\/litespeed\\\/avatar\\\/18f7439f3fce40f00ecc90a2b3085473.jpg?ver=1777375782\",\"url\":\"https:\\\/\\\/www.shojifilms.com\\\/wp-content\\\/litespeed\\\/avatar\\\/18f7439f3fce40f00ecc90a2b3085473.jpg?ver=1777375782\",\"contentUrl\":\"https:\\\/\\\/www.shojifilms.com\\\/wp-content\\\/litespeed\\\/avatar\\\/18f7439f3fce40f00ecc90a2b3085473.jpg?ver=1777375782\",\"caption\":\"Shoji\"}}]}<\/script>\n<!-- \/ Yoast SEO plugin. -->","yoast_head_json":{"title":"We started the production of &quot;Cap al cel&quot;, the first animated short film by Shoji Films - SHOJI FILMS","description":"Last November we started the production of the animated short film Cap al cel, directed by Nicol\u00e1s Sole. It is a co-production with","robots":{"index":"index","follow":"follow","max-snippet":"max-snippet:-1","max-image-preview":"max-image-preview:large","max-video-preview":"max-video-preview:-1"},"canonical":"https:\/\/www.shojifilms.com\/en\/post\/iniciamos-la-produccion-de-cap-al-cel-primer-cortometraje-de-animacion-de-shoji-films\/","og_locale":"en_US","og_type":"article","og_title":"Iniciamos la producci\u00f3n de \"Cap al cel\", primer cortometraje de animaci\u00f3n de Shoji Films - SHOJI FILMS","og_description":"El pasado mes de noviembre iniciamos la producci\u00f3n del cortometraje de animaci\u00f3n Cap al cel, dirigido por Nicol\u00e1s Sole. Se trata de una coproducci\u00f3n con","og_url":"https:\/\/www.shojifilms.com\/en\/post\/iniciamos-la-produccion-de-cap-al-cel-primer-cortometraje-de-animacion-de-shoji-films\/","og_site_name":"SHOJI FILMS","article_publisher":"https:\/\/www.facebook.com\/shojifilms\/","article_published_time":"2025-01-05T19:09:13+00:00","og_image":[{"width":1920,"height":1440,"url":"https:\/\/www.shojifilms.com\/wp-content\/uploads\/2024\/12\/DESTACADA.jpg","type":"image\/jpeg"}],"author":"Shoji","twitter_card":"summary_large_image","twitter_misc":{"Written by":"Shoji","Est. reading time":"1 minute"},"schema":{"@context":"https:\/\/schema.org","@graph":[{"@type":"Article","@id":"https:\/\/www.shojifilms.com\/post\/iniciamos-la-produccion-de-cap-al-cel-primer-cortometraje-de-animacion-de-shoji-films\/#article","isPartOf":{"@id":"https:\/\/www.shojifilms.com\/post\/iniciamos-la-produccion-de-cap-al-cel-primer-cortometraje-de-animacion-de-shoji-films\/"},"author":{"name":"Shoji","@id":"https:\/\/www.shojifilms.com\/#\/schema\/person\/f85d9f724d4b1b3f72566adff8629b90"},"headline":"Iniciamos la producci\u00f3n de \u00abCap al cel\u00bb, primer cortometraje de animaci\u00f3n de Shoji Films","datePublished":"2025-01-05T19:09:13+00:00","mainEntityOfPage":{"@id":"https:\/\/www.shojifilms.com\/post\/iniciamos-la-produccion-de-cap-al-cel-primer-cortometraje-de-animacion-de-shoji-films\/"},"wordCount":216,"publisher":{"@id":"https:\/\/www.shojifilms.com\/#organization"},"image":{"@id":"https:\/\/www.shojifilms.com\/post\/iniciamos-la-produccion-de-cap-al-cel-primer-cortometraje-de-animacion-de-shoji-films\/#primaryimage"},"thumbnailUrl":"https:\/\/www.shojifilms.com\/wp-content\/uploads\/2024\/12\/DESTACADA.jpg","articleSection":["Cortometraje","General"],"inLanguage":"en-US"},{"@type":"WebPage","@id":"https:\/\/www.shojifilms.com\/post\/iniciamos-la-produccion-de-cap-al-cel-primer-cortometraje-de-animacion-de-shoji-films\/","url":"https:\/\/www.shojifilms.com\/post\/iniciamos-la-produccion-de-cap-al-cel-primer-cortometraje-de-animacion-de-shoji-films\/","name":"We started the production of &quot;Cap al cel&quot;, the first animated short film by Shoji Films - SHOJI FILMS","isPartOf":{"@id":"https:\/\/www.shojifilms.com\/#website"},"primaryImageOfPage":{"@id":"https:\/\/www.shojifilms.com\/post\/iniciamos-la-produccion-de-cap-al-cel-primer-cortometraje-de-animacion-de-shoji-films\/#primaryimage"},"image":{"@id":"https:\/\/www.shojifilms.com\/post\/iniciamos-la-produccion-de-cap-al-cel-primer-cortometraje-de-animacion-de-shoji-films\/#primaryimage"},"thumbnailUrl":"https:\/\/www.shojifilms.com\/wp-content\/uploads\/2024\/12\/DESTACADA.jpg","datePublished":"2025-01-05T19:09:13+00:00","description":"Last November we started the production of the animated short film Cap al cel, directed by Nicol\u00e1s Sole. It is a co-production with","breadcrumb":{"@id":"https:\/\/www.shojifilms.com\/post\/iniciamos-la-produccion-de-cap-al-cel-primer-cortometraje-de-animacion-de-shoji-films\/#breadcrumb"},"inLanguage":"en-US","potentialAction":[{"@type":"ReadAction","target":["https:\/\/www.shojifilms.com\/post\/iniciamos-la-produccion-de-cap-al-cel-primer-cortometraje-de-animacion-de-shoji-films\/"]}]},{"@type":"ImageObject","inLanguage":"en-US","@id":"https:\/\/www.shojifilms.com\/post\/iniciamos-la-produccion-de-cap-al-cel-primer-cortometraje-de-animacion-de-shoji-films\/#primaryimage","url":"https:\/\/www.shojifilms.com\/wp-content\/uploads\/2024\/12\/DESTACADA.jpg","contentUrl":"https:\/\/www.shojifilms.com\/wp-content\/uploads\/2024\/12\/DESTACADA.jpg","width":1920,"height":1440,"caption":"Cap al cel"},{"@type":"BreadcrumbList","@id":"https:\/\/www.shojifilms.com\/post\/iniciamos-la-produccion-de-cap-al-cel-primer-cortometraje-de-animacion-de-shoji-films\/#breadcrumb","itemListElement":[{"@type":"ListItem","position":1,"name":"Home","item":"https:\/\/www.shojifilms.com\/"},{"@type":"ListItem","position":2,"name":"Iniciamos la producci\u00f3n de \u00abCap al cel\u00bb, primer cortometraje de animaci\u00f3n de Shoji Films"}]},{"@type":"WebSite","@id":"https:\/\/www.shojifilms.com\/#website","url":"https:\/\/www.shojifilms.com\/","name":"SHOJI FILMS","description":"Audiovisual producer in Barcelona","publisher":{"@id":"https:\/\/www.shojifilms.com\/#organization"},"potentialAction":[{"@type":"SearchAction","target":{"@type":"EntryPoint","urlTemplate":"https:\/\/www.shojifilms.com\/?s={search_term_string}"},"query-input":{"@type":"PropertyValueSpecification","valueRequired":true,"valueName":"search_term_string"}}],"inLanguage":"en-US"},{"@type":"Organization","@id":"https:\/\/www.shojifilms.com\/#organization","name":"SHOJI FILMS","url":"https:\/\/www.shojifilms.com\/","logo":{"@type":"ImageObject","inLanguage":"en-US","@id":"https:\/\/www.shojifilms.com\/#\/schema\/logo\/image\/","url":"https:\/\/www.shojifilms.com\/wp-content\/uploads\/2023\/04\/image.png","contentUrl":"https:\/\/www.shojifilms.com\/wp-content\/uploads\/2023\/04\/image.png","width":468,"height":262,"caption":"SHOJI FILMS"},"image":{"@id":"https:\/\/www.shojifilms.com\/#\/schema\/logo\/image\/"},"sameAs":["https:\/\/www.facebook.com\/shojifilms\/","http:\/\/instagram.com\/shojifilms","https:\/\/vimeo.com\/shojifilms","https:\/\/es.linkedin.com\/company\/shoji-films?trk=public_profile_topcard-current-company"]},{"@type":"Person","@id":"https:\/\/www.shojifilms.com\/#\/schema\/person\/f85d9f724d4b1b3f72566adff8629b90","name":"Shoji","image":{"@type":"ImageObject","inLanguage":"en-US","@id":"https:\/\/www.shojifilms.com\/wp-content\/litespeed\/avatar\/18f7439f3fce40f00ecc90a2b3085473.jpg?ver=1777375782","url":"https:\/\/www.shojifilms.com\/wp-content\/litespeed\/avatar\/18f7439f3fce40f00ecc90a2b3085473.jpg?ver=1777375782","contentUrl":"https:\/\/www.shojifilms.com\/wp-content\/litespeed\/avatar\/18f7439f3fce40f00ecc90a2b3085473.jpg?ver=1777375782","caption":"Shoji"}}]}},"_links":{"self":[{"href":"https:\/\/www.shojifilms.com\/en\/wp-json\/wp\/v2\/posts\/2680","targetHints":{"allow":["GET"]}}],"collection":[{"href":"https:\/\/www.shojifilms.com\/en\/wp-json\/wp\/v2\/posts"}],"about":[{"href":"https:\/\/www.shojifilms.com\/en\/wp-json\/wp\/v2\/types\/post"}],"author":[{"embeddable":true,"href":"https:\/\/www.shojifilms.com\/en\/wp-json\/wp\/v2\/users\/2"}],"replies":[{"embeddable":true,"href":"https:\/\/www.shojifilms.com\/en\/wp-json\/wp\/v2\/comments?post=2680"}],"version-history":[{"count":2,"href":"https:\/\/www.shojifilms.com\/en\/wp-json\/wp\/v2\/posts\/2680\/revisions"}],"predecessor-version":[{"id":2682,"href":"https:\/\/www.shojifilms.com\/en\/wp-json\/wp\/v2\/posts\/2680\/revisions\/2682"}],"wp:featuredmedia":[{"embeddable":true,"href":"https:\/\/www.shojifilms.com\/en\/wp-json\/wp\/v2\/media\/2660"}],"wp:attachment":[{"href":"https:\/\/www.shojifilms.com\/en\/wp-json\/wp\/v2\/media?parent=2680"}],"wp:term":[{"taxonomy":"category","embeddable":true,"href":"https:\/\/www.shojifilms.com\/en\/wp-json\/wp\/v2\/categories?post=2680"},{"taxonomy":"post_tag","embeddable":true,"href":"https:\/\/www.shojifilms.com\/en\/wp-json\/wp\/v2\/tags?post=2680"}],"curies":[{"name":"wp","href":"https:\/\/api.w.org\/{rel}","templated":true}]}}