{"id":696,"date":"2023-04-30T11:56:07","date_gmt":"2023-04-30T09:56:07","guid":{"rendered":"https:\/\/www.shojifilms.com\/estreno-del-cortometraje-guelo-en-el-docsvalencia\/"},"modified":"2024-03-07T13:49:41","modified_gmt":"2024-03-07T12:49:41","slug":"estreno-del-cortometraje-guelo-en-el-docsvalencia","status":"publish","type":"post","link":"https:\/\/www.shojifilms.com\/en\/post\/estreno-del-cortometraje-guelo-en-el-docsvalencia\/","title":{"rendered":"Premiere of the short film G\u00dcELO at DocsValencia"},"content":{"rendered":"<p>Our short documentary film <a href=\"https:\/\/www.shojifilms.com\/en\/producciones\/g%C3%BCelo\/\" target=\"_blank\" rel=\"noopener\"><u>G\u00fcelo<\/u><\/a>, directed by the Valencian director V\u00edctor Blanes, and distributed by <a href=\"https:\/\/www.inoutdistribution.com\/-g%C3%BCelo\" target=\"_blank\" rel=\"noopener\"><u>InOut<\/u><\/a>, will have its premiere on May 6, 2023 at the Festival <a href=\"https:\/\/docsvalencia.com\/peliculas\/guelo\/\" target=\"_blank\" rel=\"noopener\"><u>DocsValencia<\/u><\/a>, in the Fragments section.<\/p>\n<figure><img decoding=\"async\" alt=\"Premiere of the short film G\u00dcELO at DocsValencia\" title=\"Premiere of the short film G\u00dcELO at DocsValencia\" src=\"https:\/\/www.shojifilms.com\/wp-content\/uploads\/2023\/10\/125_file.png\"  ><\/figure>\n<blockquote><p><em>It is very exciting for us that this short film, whose story takes place precisely in the Valencian town of Pen\u00e0guila, finds its premiere in Valencia.<\/em><\/p><\/blockquote>\n<p><em>At 92 years old, Antonio takes life calmly: he spends his days looking for good weather, entertains himself with minimal tasks and teaches things to the new generations in Pen\u00e0guila, a small town. The arrival of cold and winter will make everything change.<\/em><\/p>\n<figure><img decoding=\"async\" alt=\"Premiere of the short film G\u00dcELO at DocsValencia\" title=\"Premiere of the short film G\u00dcELO at DocsValencia\" src=\"https:\/\/www.shojifilms.com\/wp-content\/uploads\/2023\/10\/126_file.png\"  ><\/figure>\n<p>We leave you the trailer of the short film:<\/p>\n<p><a href=\"https:\/\/vimeo.com\/736265988\">https:\/\/vimeo.com\/736265988<\/a><\/p>\n<p>We invite those present in Valencia to attend the screening of the short film! <\/p>\n<p><a href=\"https:\/\/docsvalencia.com\/peliculas\/guelo\/\" target=\"_blank\" rel=\"noopener\"><u>https:\/\/docsvalencia.com\/peliculas\/guelo\/<\/u><\/a> <\/p>\n<figure><img decoding=\"async\" alt=\"Premiere of the short film G\u00dcELO at DocsValencia\" title=\"Premiere of the short film G\u00dcELO at DocsValencia\" src=\"https:\/\/www.shojifilms.com\/wp-content\/uploads\/2023\/10\/127_file.png\"  ><\/figure>","protected":false},"excerpt":{"rendered":"<p>The documentary, directed by Valencian director V\u00edctor Blanes, will have its premiere in the Fragments section.<\/p>","protected":false},"author":1,"featured_media":726,"comment_status":"closed","ping_status":"closed","sticky":false,"template":"","format":"standard","meta":{"_acf_changed":false,"site-sidebar-layout":"default","site-content-layout":"","ast-site-content-layout":"default","site-content-style":"default","site-sidebar-style":"default","ast-global-header-display":"","ast-banner-title-visibility":"","ast-main-header-display":"","ast-hfb-above-header-display":"","ast-hfb-below-header-display":"","ast-hfb-mobile-header-display":"","site-post-title":"","ast-breadcrumbs-content":"","ast-featured-img":"","footer-sml-layout":"","ast-disable-related-posts":"","theme-transparent-header-meta":"","adv-header-id-meta":"","stick-header-meta":"","header-above-stick-meta":"","header-main-stick-meta":"","header-below-stick-meta":"","astra-migrate-meta-layouts":"default","ast-page-background-enabled":"default","ast-page-background-meta":{"desktop":{"background-color":"","background-image":"","background-repeat":"repeat","background-position":"center center","background-size":"auto","background-attachment":"scroll","background-type":"","background-media":"","overlay-type":"","overlay-color":"","overlay-opacity":"","overlay-gradient":""},"tablet":{"background-color":"","background-image":"","background-repeat":"repeat","background-position":"center center","background-size":"auto","background-attachment":"scroll","background-type":"","background-media":"","overlay-type":"","overlay-color":"","overlay-opacity":"","overlay-gradient":""},"mobile":{"background-color":"","background-image":"","background-repeat":"repeat","background-position":"center center","background-size":"auto","background-attachment":"scroll","background-type":"","background-media":"","overlay-type":"","overlay-color":"","overlay-opacity":"","overlay-gradient":""}},"ast-content-background-meta":{"desktop":{"background-color":"var(--ast-global-color-5)","background-image":"","background-repeat":"repeat","background-position":"center center","background-size":"auto","background-attachment":"scroll","background-type":"","background-media":"","overlay-type":"","overlay-color":"","overlay-opacity":"","overlay-gradient":""},"tablet":{"background-color":"var(--ast-global-color-5)","background-image":"","background-repeat":"repeat","background-position":"center center","background-size":"auto","background-attachment":"scroll","background-type":"","background-media":"","overlay-type":"","overlay-color":"","overlay-opacity":"","overlay-gradient":""},"mobile":{"background-color":"var(--ast-global-color-5)","background-image":"","background-repeat":"repeat","background-position":"center center","background-size":"auto","background-attachment":"scroll","background-type":"","background-media":"","overlay-type":"","overlay-color":"","overlay-opacity":"","overlay-gradient":""}},"footnotes":""},"categories":[49,57,51,63],"tags":[105,52,55],"class_list":["post-696","post","type-post","status-publish","format-standard","has-post-thumbnail","hentry","category-cortometraje","category-documental","category-drama","category-festivales","tag-ancianos","tag-drama","tag-valencia"],"acf":[],"yoast_head":"<!-- This site is optimized with the Yoast SEO plugin v27.4 - https:\/\/yoast.com\/product\/yoast-seo-wordpress\/ -->\n<title>Estreno del cortometraje G\u00dcELO en el DocsValencia - SHOJI FILMS<\/title>\n<meta name=\"description\" content=\"EL documental, dirigido por el director valenciano V\u00edctor Blanes, tendr\u00e1 su estreno en la secci\u00f3n Fragments.\" \/>\n<meta name=\"robots\" content=\"index, follow, max-snippet:-1, max-image-preview:large, max-video-preview:-1\" \/>\n<link rel=\"canonical\" href=\"https:\/\/www.shojifilms.com\/en\/post\/estreno-del-cortometraje-guelo-en-el-docsvalencia\/\" \/>\n<meta property=\"og:locale\" content=\"en_US\" \/>\n<meta property=\"og:type\" content=\"article\" \/>\n<meta property=\"og:title\" content=\"Estreno del cortometraje G\u00dcELO en el DocsValencia - SHOJI FILMS\" \/>\n<meta property=\"og:description\" content=\"EL documental, dirigido por el director valenciano V\u00edctor Blanes, tendr\u00e1 su estreno en la secci\u00f3n Fragments.\" \/>\n<meta property=\"og:url\" content=\"https:\/\/www.shojifilms.com\/en\/post\/estreno-del-cortometraje-guelo-en-el-docsvalencia\/\" \/>\n<meta property=\"og:site_name\" content=\"SHOJI FILMS\" \/>\n<meta property=\"article:publisher\" content=\"https:\/\/www.facebook.com\/shojifilms\/\" \/>\n<meta property=\"article:published_time\" content=\"2023-04-30T09:56:07+00:00\" \/>\n<meta property=\"article:modified_time\" content=\"2024-03-07T12:49:41+00:00\" \/>\n<meta property=\"og:image\" content=\"https:\/\/www.shojifilms.com\/wp-content\/uploads\/2023\/10\/file-9.png\" \/>\n\t<meta property=\"og:image:width\" content=\"1000\" \/>\n\t<meta property=\"og:image:height\" content=\"454\" \/>\n\t<meta property=\"og:image:type\" content=\"image\/png\" \/>\n<meta name=\"author\" content=\"doominio\" \/>\n<meta name=\"twitter:card\" content=\"summary_large_image\" \/>\n<meta name=\"twitter:label1\" content=\"Written by\" \/>\n\t<meta name=\"twitter:data1\" content=\"doominio\" \/>\n\t<meta name=\"twitter:label2\" content=\"Est. reading time\" \/>\n\t<meta name=\"twitter:data2\" content=\"1 minute\" \/>\n<script type=\"application\/ld+json\" class=\"yoast-schema-graph\">{\"@context\":\"https:\\\/\\\/schema.org\",\"@graph\":[{\"@type\":\"Article\",\"@id\":\"https:\\\/\\\/www.shojifilms.com\\\/post\\\/estreno-del-cortometraje-guelo-en-el-docsvalencia\\\/#article\",\"isPartOf\":{\"@id\":\"https:\\\/\\\/www.shojifilms.com\\\/post\\\/estreno-del-cortometraje-guelo-en-el-docsvalencia\\\/\"},\"author\":{\"name\":\"doominio\",\"@id\":\"https:\\\/\\\/www.shojifilms.com\\\/#\\\/schema\\\/person\\\/6ee60897fbb7fb4ad6634c73f4be87fa\"},\"headline\":\"Estreno del cortometraje G\u00dcELO en el DocsValencia\",\"datePublished\":\"2023-04-30T09:56:07+00:00\",\"dateModified\":\"2024-03-07T12:49:41+00:00\",\"mainEntityOfPage\":{\"@id\":\"https:\\\/\\\/www.shojifilms.com\\\/post\\\/estreno-del-cortometraje-guelo-en-el-docsvalencia\\\/\"},\"wordCount\":149,\"publisher\":{\"@id\":\"https:\\\/\\\/www.shojifilms.com\\\/#organization\"},\"image\":{\"@id\":\"https:\\\/\\\/www.shojifilms.com\\\/post\\\/estreno-del-cortometraje-guelo-en-el-docsvalencia\\\/#primaryimage\"},\"thumbnailUrl\":\"https:\\\/\\\/www.shojifilms.com\\\/wp-content\\\/uploads\\\/2023\\\/10\\\/file-9.png\",\"keywords\":[\"Ancianos\",\"Drama\",\"Valencia\"],\"articleSection\":[\"Cortometraje\",\"Documental\",\"Drama\",\"Festivales\"],\"inLanguage\":\"en-US\"},{\"@type\":\"WebPage\",\"@id\":\"https:\\\/\\\/www.shojifilms.com\\\/post\\\/estreno-del-cortometraje-guelo-en-el-docsvalencia\\\/\",\"url\":\"https:\\\/\\\/www.shojifilms.com\\\/post\\\/estreno-del-cortometraje-guelo-en-el-docsvalencia\\\/\",\"name\":\"Estreno del cortometraje G\u00dcELO en el DocsValencia - SHOJI FILMS\",\"isPartOf\":{\"@id\":\"https:\\\/\\\/www.shojifilms.com\\\/#website\"},\"primaryImageOfPage\":{\"@id\":\"https:\\\/\\\/www.shojifilms.com\\\/post\\\/estreno-del-cortometraje-guelo-en-el-docsvalencia\\\/#primaryimage\"},\"image\":{\"@id\":\"https:\\\/\\\/www.shojifilms.com\\\/post\\\/estreno-del-cortometraje-guelo-en-el-docsvalencia\\\/#primaryimage\"},\"thumbnailUrl\":\"https:\\\/\\\/www.shojifilms.com\\\/wp-content\\\/uploads\\\/2023\\\/10\\\/file-9.png\",\"datePublished\":\"2023-04-30T09:56:07+00:00\",\"dateModified\":\"2024-03-07T12:49:41+00:00\",\"description\":\"EL documental, dirigido por el director valenciano V\u00edctor Blanes, tendr\u00e1 su estreno en la secci\u00f3n Fragments.\",\"breadcrumb\":{\"@id\":\"https:\\\/\\\/www.shojifilms.com\\\/post\\\/estreno-del-cortometraje-guelo-en-el-docsvalencia\\\/#breadcrumb\"},\"inLanguage\":\"en-US\",\"potentialAction\":[{\"@type\":\"ReadAction\",\"target\":[\"https:\\\/\\\/www.shojifilms.com\\\/post\\\/estreno-del-cortometraje-guelo-en-el-docsvalencia\\\/\"]}]},{\"@type\":\"ImageObject\",\"inLanguage\":\"en-US\",\"@id\":\"https:\\\/\\\/www.shojifilms.com\\\/post\\\/estreno-del-cortometraje-guelo-en-el-docsvalencia\\\/#primaryimage\",\"url\":\"https:\\\/\\\/www.shojifilms.com\\\/wp-content\\\/uploads\\\/2023\\\/10\\\/file-9.png\",\"contentUrl\":\"https:\\\/\\\/www.shojifilms.com\\\/wp-content\\\/uploads\\\/2023\\\/10\\\/file-9.png\",\"width\":1000,\"height\":454,\"caption\":\"Estreno del cortometraje G\u00dcELO en el DocsValencia\"},{\"@type\":\"BreadcrumbList\",\"@id\":\"https:\\\/\\\/www.shojifilms.com\\\/post\\\/estreno-del-cortometraje-guelo-en-el-docsvalencia\\\/#breadcrumb\",\"itemListElement\":[{\"@type\":\"ListItem\",\"position\":1,\"name\":\"Home\",\"item\":\"https:\\\/\\\/www.shojifilms.com\\\/\"},{\"@type\":\"ListItem\",\"position\":2,\"name\":\"Estreno del cortometraje G\u00dcELO en el DocsValencia\"}]},{\"@type\":\"WebSite\",\"@id\":\"https:\\\/\\\/www.shojifilms.com\\\/#website\",\"url\":\"https:\\\/\\\/www.shojifilms.com\\\/\",\"name\":\"SHOJI FILMS\",\"description\":\"Productora audiovisual en Barcelona\",\"publisher\":{\"@id\":\"https:\\\/\\\/www.shojifilms.com\\\/#organization\"},\"potentialAction\":[{\"@type\":\"SearchAction\",\"target\":{\"@type\":\"EntryPoint\",\"urlTemplate\":\"https:\\\/\\\/www.shojifilms.com\\\/?s={search_term_string}\"},\"query-input\":{\"@type\":\"PropertyValueSpecification\",\"valueRequired\":true,\"valueName\":\"search_term_string\"}}],\"inLanguage\":\"en-US\"},{\"@type\":\"Organization\",\"@id\":\"https:\\\/\\\/www.shojifilms.com\\\/#organization\",\"name\":\"SHOJI FILMS\",\"url\":\"https:\\\/\\\/www.shojifilms.com\\\/\",\"logo\":{\"@type\":\"ImageObject\",\"inLanguage\":\"en-US\",\"@id\":\"https:\\\/\\\/www.shojifilms.com\\\/#\\\/schema\\\/logo\\\/image\\\/\",\"url\":\"https:\\\/\\\/www.shojifilms.com\\\/wp-content\\\/uploads\\\/2023\\\/04\\\/image.png\",\"contentUrl\":\"https:\\\/\\\/www.shojifilms.com\\\/wp-content\\\/uploads\\\/2023\\\/04\\\/image.png\",\"width\":468,\"height\":262,\"caption\":\"SHOJI FILMS\"},\"image\":{\"@id\":\"https:\\\/\\\/www.shojifilms.com\\\/#\\\/schema\\\/logo\\\/image\\\/\"},\"sameAs\":[\"https:\\\/\\\/www.facebook.com\\\/shojifilms\\\/\",\"http:\\\/\\\/instagram.com\\\/shojifilms\",\"https:\\\/\\\/vimeo.com\\\/shojifilms\",\"https:\\\/\\\/es.linkedin.com\\\/company\\\/shoji-films?trk=public_profile_topcard-current-company\"]},{\"@type\":\"Person\",\"@id\":\"https:\\\/\\\/www.shojifilms.com\\\/#\\\/schema\\\/person\\\/6ee60897fbb7fb4ad6634c73f4be87fa\",\"name\":\"doominio\",\"image\":{\"@type\":\"ImageObject\",\"inLanguage\":\"en-US\",\"@id\":\"https:\\\/\\\/www.shojifilms.com\\\/wp-content\\\/litespeed\\\/avatar\\\/51a2a0a3ffe42439284a6ac18cdd7ab2.jpg?ver=1777245870\",\"url\":\"https:\\\/\\\/www.shojifilms.com\\\/wp-content\\\/litespeed\\\/avatar\\\/51a2a0a3ffe42439284a6ac18cdd7ab2.jpg?ver=1777245870\",\"contentUrl\":\"https:\\\/\\\/www.shojifilms.com\\\/wp-content\\\/litespeed\\\/avatar\\\/51a2a0a3ffe42439284a6ac18cdd7ab2.jpg?ver=1777245870\",\"caption\":\"doominio\"},\"sameAs\":[\"https:\\\/\\\/www.shojifilms.com\"]}]}<\/script>\n<!-- \/ Yoast SEO plugin. -->","yoast_head_json":{"title":"Premiere of the short film G\u00dcELO at DocsValencia - SHOJI FILMS","description":"The documentary, directed by Valencian director V\u00edctor Blanes, will have its premiere in the Fragments section.","robots":{"index":"index","follow":"follow","max-snippet":"max-snippet:-1","max-image-preview":"max-image-preview:large","max-video-preview":"max-video-preview:-1"},"canonical":"https:\/\/www.shojifilms.com\/en\/post\/estreno-del-cortometraje-guelo-en-el-docsvalencia\/","og_locale":"en_US","og_type":"article","og_title":"Estreno del cortometraje G\u00dcELO en el DocsValencia - SHOJI FILMS","og_description":"EL documental, dirigido por el director valenciano V\u00edctor Blanes, tendr\u00e1 su estreno en la secci\u00f3n Fragments.","og_url":"https:\/\/www.shojifilms.com\/en\/post\/estreno-del-cortometraje-guelo-en-el-docsvalencia\/","og_site_name":"SHOJI FILMS","article_publisher":"https:\/\/www.facebook.com\/shojifilms\/","article_published_time":"2023-04-30T09:56:07+00:00","article_modified_time":"2024-03-07T12:49:41+00:00","og_image":[{"width":1000,"height":454,"url":"https:\/\/www.shojifilms.com\/wp-content\/uploads\/2023\/10\/file-9.png","type":"image\/png"}],"author":"doominio","twitter_card":"summary_large_image","twitter_misc":{"Written by":"doominio","Est. reading time":"1 minute"},"schema":{"@context":"https:\/\/schema.org","@graph":[{"@type":"Article","@id":"https:\/\/www.shojifilms.com\/post\/estreno-del-cortometraje-guelo-en-el-docsvalencia\/#article","isPartOf":{"@id":"https:\/\/www.shojifilms.com\/post\/estreno-del-cortometraje-guelo-en-el-docsvalencia\/"},"author":{"name":"doominio","@id":"https:\/\/www.shojifilms.com\/#\/schema\/person\/6ee60897fbb7fb4ad6634c73f4be87fa"},"headline":"Estreno del cortometraje G\u00dcELO en el DocsValencia","datePublished":"2023-04-30T09:56:07+00:00","dateModified":"2024-03-07T12:49:41+00:00","mainEntityOfPage":{"@id":"https:\/\/www.shojifilms.com\/post\/estreno-del-cortometraje-guelo-en-el-docsvalencia\/"},"wordCount":149,"publisher":{"@id":"https:\/\/www.shojifilms.com\/#organization"},"image":{"@id":"https:\/\/www.shojifilms.com\/post\/estreno-del-cortometraje-guelo-en-el-docsvalencia\/#primaryimage"},"thumbnailUrl":"https:\/\/www.shojifilms.com\/wp-content\/uploads\/2023\/10\/file-9.png","keywords":["Ancianos","Drama","Valencia"],"articleSection":["Cortometraje","Documental","Drama","Festivales"],"inLanguage":"en-US"},{"@type":"WebPage","@id":"https:\/\/www.shojifilms.com\/post\/estreno-del-cortometraje-guelo-en-el-docsvalencia\/","url":"https:\/\/www.shojifilms.com\/post\/estreno-del-cortometraje-guelo-en-el-docsvalencia\/","name":"Premiere of the short film G\u00dcELO at DocsValencia - SHOJI FILMS","isPartOf":{"@id":"https:\/\/www.shojifilms.com\/#website"},"primaryImageOfPage":{"@id":"https:\/\/www.shojifilms.com\/post\/estreno-del-cortometraje-guelo-en-el-docsvalencia\/#primaryimage"},"image":{"@id":"https:\/\/www.shojifilms.com\/post\/estreno-del-cortometraje-guelo-en-el-docsvalencia\/#primaryimage"},"thumbnailUrl":"https:\/\/www.shojifilms.com\/wp-content\/uploads\/2023\/10\/file-9.png","datePublished":"2023-04-30T09:56:07+00:00","dateModified":"2024-03-07T12:49:41+00:00","description":"The documentary, directed by Valencian director V\u00edctor Blanes, will have its premiere in the Fragments section.","breadcrumb":{"@id":"https:\/\/www.shojifilms.com\/post\/estreno-del-cortometraje-guelo-en-el-docsvalencia\/#breadcrumb"},"inLanguage":"en-US","potentialAction":[{"@type":"ReadAction","target":["https:\/\/www.shojifilms.com\/post\/estreno-del-cortometraje-guelo-en-el-docsvalencia\/"]}]},{"@type":"ImageObject","inLanguage":"en-US","@id":"https:\/\/www.shojifilms.com\/post\/estreno-del-cortometraje-guelo-en-el-docsvalencia\/#primaryimage","url":"https:\/\/www.shojifilms.com\/wp-content\/uploads\/2023\/10\/file-9.png","contentUrl":"https:\/\/www.shojifilms.com\/wp-content\/uploads\/2023\/10\/file-9.png","width":1000,"height":454,"caption":"Estreno del cortometraje G\u00dcELO en el DocsValencia"},{"@type":"BreadcrumbList","@id":"https:\/\/www.shojifilms.com\/post\/estreno-del-cortometraje-guelo-en-el-docsvalencia\/#breadcrumb","itemListElement":[{"@type":"ListItem","position":1,"name":"Home","item":"https:\/\/www.shojifilms.com\/"},{"@type":"ListItem","position":2,"name":"Estreno del cortometraje G\u00dcELO en el DocsValencia"}]},{"@type":"WebSite","@id":"https:\/\/www.shojifilms.com\/#website","url":"https:\/\/www.shojifilms.com\/","name":"SHOJI FILMS","description":"Audiovisual producer in Barcelona","publisher":{"@id":"https:\/\/www.shojifilms.com\/#organization"},"potentialAction":[{"@type":"SearchAction","target":{"@type":"EntryPoint","urlTemplate":"https:\/\/www.shojifilms.com\/?s={search_term_string}"},"query-input":{"@type":"PropertyValueSpecification","valueRequired":true,"valueName":"search_term_string"}}],"inLanguage":"en-US"},{"@type":"Organization","@id":"https:\/\/www.shojifilms.com\/#organization","name":"SHOJI FILMS","url":"https:\/\/www.shojifilms.com\/","logo":{"@type":"ImageObject","inLanguage":"en-US","@id":"https:\/\/www.shojifilms.com\/#\/schema\/logo\/image\/","url":"https:\/\/www.shojifilms.com\/wp-content\/uploads\/2023\/04\/image.png","contentUrl":"https:\/\/www.shojifilms.com\/wp-content\/uploads\/2023\/04\/image.png","width":468,"height":262,"caption":"SHOJI FILMS"},"image":{"@id":"https:\/\/www.shojifilms.com\/#\/schema\/logo\/image\/"},"sameAs":["https:\/\/www.facebook.com\/shojifilms\/","http:\/\/instagram.com\/shojifilms","https:\/\/vimeo.com\/shojifilms","https:\/\/es.linkedin.com\/company\/shoji-films?trk=public_profile_topcard-current-company"]},{"@type":"Person","@id":"https:\/\/www.shojifilms.com\/#\/schema\/person\/6ee60897fbb7fb4ad6634c73f4be87fa","name":"doominio","image":{"@type":"ImageObject","inLanguage":"en-US","@id":"https:\/\/www.shojifilms.com\/wp-content\/litespeed\/avatar\/51a2a0a3ffe42439284a6ac18cdd7ab2.jpg?ver=1777245870","url":"https:\/\/www.shojifilms.com\/wp-content\/litespeed\/avatar\/51a2a0a3ffe42439284a6ac18cdd7ab2.jpg?ver=1777245870","contentUrl":"https:\/\/www.shojifilms.com\/wp-content\/litespeed\/avatar\/51a2a0a3ffe42439284a6ac18cdd7ab2.jpg?ver=1777245870","caption":"doominio"},"sameAs":["https:\/\/www.shojifilms.com"]}]}},"_links":{"self":[{"href":"https:\/\/www.shojifilms.com\/en\/wp-json\/wp\/v2\/posts\/696","targetHints":{"allow":["GET"]}}],"collection":[{"href":"https:\/\/www.shojifilms.com\/en\/wp-json\/wp\/v2\/posts"}],"about":[{"href":"https:\/\/www.shojifilms.com\/en\/wp-json\/wp\/v2\/types\/post"}],"author":[{"embeddable":true,"href":"https:\/\/www.shojifilms.com\/en\/wp-json\/wp\/v2\/users\/1"}],"replies":[{"embeddable":true,"href":"https:\/\/www.shojifilms.com\/en\/wp-json\/wp\/v2\/comments?post=696"}],"version-history":[{"count":4,"href":"https:\/\/www.shojifilms.com\/en\/wp-json\/wp\/v2\/posts\/696\/revisions"}],"predecessor-version":[{"id":1970,"href":"https:\/\/www.shojifilms.com\/en\/wp-json\/wp\/v2\/posts\/696\/revisions\/1970"}],"wp:featuredmedia":[{"embeddable":true,"href":"https:\/\/www.shojifilms.com\/en\/wp-json\/wp\/v2\/media\/726"}],"wp:attachment":[{"href":"https:\/\/www.shojifilms.com\/en\/wp-json\/wp\/v2\/media?parent=696"}],"wp:term":[{"taxonomy":"category","embeddable":true,"href":"https:\/\/www.shojifilms.com\/en\/wp-json\/wp\/v2\/categories?post=696"},{"taxonomy":"post_tag","embeddable":true,"href":"https:\/\/www.shojifilms.com\/en\/wp-json\/wp\/v2\/tags?post=696"}],"curies":[{"name":"wp","href":"https:\/\/api.w.org\/{rel}","templated":true}]}}