{"id":700,"date":"2022-12-16T17:24:27","date_gmt":"2022-12-16T16:24:27","guid":{"rendered":"https:\/\/www.shojifilms.com\/estreno-en-la-filmoteca-de-valencia-de-temps-i-espai-de-joan-gomez-alemany\/"},"modified":"2024-03-07T13:53:23","modified_gmt":"2024-03-07T12:53:23","slug":"estreno-en-la-filmoteca-de-valencia-de-temps-i-espai-de-joan-gomez-alemany","status":"publish","type":"post","link":"https:\/\/www.shojifilms.com\/en\/post\/estreno-en-la-filmoteca-de-valencia-de-temps-i-espai-de-joan-gomez-alemany\/","title":{"rendered":"Premiere at the Valencia Film Library of TEMPS I ESPAI, by Joan G\u00f3mez Alemany"},"content":{"rendered":"<p>Our documentary feature film <u>\u2018&#039;\u2018<em><strong>Temps i espai. One day rises, 2018-2022<\/strong><\/em>\u2018&#039;\u2018<\/u> has been premiered at the Valencia Film Library this Thursday, December 15, 2022, directed by the musician and filmmaker <strong>Joan G\u00f3mez Alemany<\/strong>.<\/p>\n<figure><img decoding=\"async\" alt=\"Premiere at the Valencia Film Library of TEMPS I ESPAI, by Joan G\u00f3mez Alemany\" title=\"Premiere at the Valencia Film Library of TEMPS I ESPAI, by Joan G\u00f3mez Alemany\" src=\"https:\/\/www.shojifilms.com\/wp-content\/uploads\/2023\/10\/136_file.png\"  ><\/figure>\n<p>In line with the documentary <a href=\"https:\/\/www.imdb.com\/title\/tt0105438\/\" target=\"_blank\" rel=\"noopener\"><em><u>The quince sun<\/u><\/em><u> (1992)<\/u><\/a> by Victor Erice, <em>Time and space<\/em>. Un dia s&#039;eleva, 2018-2022, records over 4 years how the painter Josep-Mar\u00ed G\u00f3mez Lozano repaints a painting by his father, Vicente G\u00f3mez Garc\u00eda.<\/p>\n<p><em>In a modest studio in the Ruzafa neighborhood in Valencia, which dates back to the end of the 19th century, the painter Josep-Mar\u00ed G\u00f3mez Lozano is filmed over several years, repainting a canvas by his father, Vicente G\u00f3mez Garc\u00eda. This represents a 360\u00b0 panoramic view of Valencia seen from the Micalet, a painting that we will see how it will finally be hung in the Exhibition Hall of the Valencia City Council.<\/em><\/p>\n<figure><img decoding=\"async\" alt=\"Premiere at the Valencia Film Library of TEMPS I ESPAI, by Joan G\u00f3mez Alemany\" title=\"Premiere at the Valencia Film Library of TEMPS I ESPAI, by Joan G\u00f3mez Alemany\" src=\"https:\/\/www.shojifilms.com\/wp-content\/uploads\/2023\/10\/137_file.png\"  ><\/figure>\n<p>In the post-war period, the painter Vicente G\u00f3mez Garc\u00eda was one of the artistic innovators of the conservative Valencian scene, founder and member of the avant-garde group Los Siete, along with Vicente Castellano, Vicente Fillol, Juan Genov\u00e9s, Ricardo Hueso, Juan Bautista Llorens and Jos\u00e9 Masi\u00e1.<\/p>\n<p>The painter&#039;s work day passes calmly while watching the evolution of the painting and the gradual transformations of its surroundings: the different lights of the day, the changes of seasons during the year and the remodeling of the neighborhood with its new buildings.<\/p>\n<blockquote><p>A reflection on time and space, in a film that moves between documentary and fiction, that explores the relationships between cinema and painting and meditates on the evolution of the city.<\/p><\/blockquote>\n<figure><img decoding=\"async\" alt=\"Premiere at the Valencia Film Library of TEMPS I ESPAI, by Joan G\u00f3mez Alemany\" title=\"Premiere at the Valencia Film Library of TEMPS I ESPAI, by Joan G\u00f3mez Alemany\" src=\"https:\/\/www.shojifilms.com\/wp-content\/uploads\/2023\/10\/138_file.png\"  ><\/figure>\n<p>We share the <strong>trailer<\/strong> of the movie:<\/p>\n<p><a href=\"https:\/\/vimeo.com\/776452379\">https:\/\/vimeo.com\/776452379<\/a><\/p>","protected":false},"excerpt":{"rendered":"<p>Temps i espai records over 4 years how the painter Josep-Mar\u00ed G\u00f3mez Lozano repaints a painting by his father, Vicente G\u00f3mez Garc\u00eda.<\/p>","protected":false},"author":1,"featured_media":734,"comment_status":"closed","ping_status":"closed","sticky":false,"template":"","format":"standard","meta":{"_acf_changed":false,"site-sidebar-layout":"default","site-content-layout":"","ast-site-content-layout":"default","site-content-style":"default","site-sidebar-style":"default","ast-global-header-display":"","ast-banner-title-visibility":"","ast-main-header-display":"","ast-hfb-above-header-display":"","ast-hfb-below-header-display":"","ast-hfb-mobile-header-display":"","site-post-title":"","ast-breadcrumbs-content":"","ast-featured-img":"","footer-sml-layout":"","ast-disable-related-posts":"","theme-transparent-header-meta":"","adv-header-id-meta":"","stick-header-meta":"","header-above-stick-meta":"","header-main-stick-meta":"","header-below-stick-meta":"","astra-migrate-meta-layouts":"default","ast-page-background-enabled":"default","ast-page-background-meta":{"desktop":{"background-color":"","background-image":"","background-repeat":"repeat","background-position":"center center","background-size":"auto","background-attachment":"scroll","background-type":"","background-media":"","overlay-type":"","overlay-color":"","overlay-opacity":"","overlay-gradient":""},"tablet":{"background-color":"","background-image":"","background-repeat":"repeat","background-position":"center center","background-size":"auto","background-attachment":"scroll","background-type":"","background-media":"","overlay-type":"","overlay-color":"","overlay-opacity":"","overlay-gradient":""},"mobile":{"background-color":"","background-image":"","background-repeat":"repeat","background-position":"center center","background-size":"auto","background-attachment":"scroll","background-type":"","background-media":"","overlay-type":"","overlay-color":"","overlay-opacity":"","overlay-gradient":""}},"ast-content-background-meta":{"desktop":{"background-color":"var(--ast-global-color-5)","background-image":"","background-repeat":"repeat","background-position":"center center","background-size":"auto","background-attachment":"scroll","background-type":"","background-media":"","overlay-type":"","overlay-color":"","overlay-opacity":"","overlay-gradient":""},"tablet":{"background-color":"var(--ast-global-color-5)","background-image":"","background-repeat":"repeat","background-position":"center center","background-size":"auto","background-attachment":"scroll","background-type":"","background-media":"","overlay-type":"","overlay-color":"","overlay-opacity":"","overlay-gradient":""},"mobile":{"background-color":"var(--ast-global-color-5)","background-image":"","background-repeat":"repeat","background-position":"center center","background-size":"auto","background-attachment":"scroll","background-type":"","background-media":"","overlay-type":"","overlay-color":"","overlay-opacity":"","overlay-gradient":""}},"footnotes":""},"categories":[58,57,64],"tags":[62,112,59,113,55],"class_list":["post-700","post","type-post","status-publish","format-standard","has-post-thumbnail","hentry","category-divulgativo","category-documental","category-largometraje","tag-arte","tag-cultura","tag-memoria","tag-pintura","tag-valencia"],"acf":[],"yoast_head":"<!-- This site is optimized with the Yoast SEO plugin v27.4 - https:\/\/yoast.com\/product\/yoast-seo-wordpress\/ -->\n<title>Estreno en la Filmoteca de Valencia de TEMPS I ESPAI, de Joan G\u00f3mez Alemany - SHOJI FILMS<\/title>\n<meta name=\"description\" content=\"Temps i espai registra a lo largo de 4 a\u00f1os como el pintor Josep-Mar\u00ed G\u00f3mez Lozano repinta un cuadro de su padre, Vicente G\u00f3mez Garc\u00eda.\" \/>\n<meta name=\"robots\" content=\"index, follow, max-snippet:-1, max-image-preview:large, max-video-preview:-1\" \/>\n<link rel=\"canonical\" href=\"https:\/\/www.shojifilms.com\/en\/post\/estreno-en-la-filmoteca-de-valencia-de-temps-i-espai-de-joan-gomez-alemany\/\" \/>\n<meta property=\"og:locale\" content=\"en_US\" \/>\n<meta property=\"og:type\" content=\"article\" \/>\n<meta property=\"og:title\" content=\"Estreno en la Filmoteca de Valencia de TEMPS I ESPAI, de Joan G\u00f3mez Alemany - SHOJI FILMS\" \/>\n<meta property=\"og:description\" content=\"Temps i espai registra a lo largo de 4 a\u00f1os como el pintor Josep-Mar\u00ed G\u00f3mez Lozano repinta un cuadro de su padre, Vicente G\u00f3mez Garc\u00eda.\" \/>\n<meta property=\"og:url\" content=\"https:\/\/www.shojifilms.com\/en\/post\/estreno-en-la-filmoteca-de-valencia-de-temps-i-espai-de-joan-gomez-alemany\/\" \/>\n<meta property=\"og:site_name\" content=\"SHOJI FILMS\" \/>\n<meta property=\"article:publisher\" content=\"https:\/\/www.facebook.com\/shojifilms\/\" \/>\n<meta property=\"article:published_time\" content=\"2022-12-16T16:24:27+00:00\" \/>\n<meta property=\"article:modified_time\" content=\"2024-03-07T12:53:23+00:00\" \/>\n<meta property=\"og:image\" content=\"https:\/\/www.shojifilms.com\/wp-content\/uploads\/2023\/10\/file-13.png\" \/>\n\t<meta property=\"og:image:width\" content=\"1000\" \/>\n\t<meta property=\"og:image:height\" content=\"461\" \/>\n\t<meta property=\"og:image:type\" content=\"image\/png\" \/>\n<meta name=\"author\" content=\"doominio\" \/>\n<meta name=\"twitter:card\" content=\"summary_large_image\" \/>\n<meta name=\"twitter:label1\" content=\"Written by\" \/>\n\t<meta name=\"twitter:data1\" content=\"doominio\" \/>\n\t<meta name=\"twitter:label2\" content=\"Est. reading time\" \/>\n\t<meta name=\"twitter:data2\" content=\"1 minute\" \/>\n<script type=\"application\/ld+json\" class=\"yoast-schema-graph\">{\"@context\":\"https:\\\/\\\/schema.org\",\"@graph\":[{\"@type\":\"Article\",\"@id\":\"https:\\\/\\\/www.shojifilms.com\\\/post\\\/estreno-en-la-filmoteca-de-valencia-de-temps-i-espai-de-joan-gomez-alemany\\\/#article\",\"isPartOf\":{\"@id\":\"https:\\\/\\\/www.shojifilms.com\\\/post\\\/estreno-en-la-filmoteca-de-valencia-de-temps-i-espai-de-joan-gomez-alemany\\\/\"},\"author\":{\"name\":\"doominio\",\"@id\":\"https:\\\/\\\/www.shojifilms.com\\\/#\\\/schema\\\/person\\\/6ee60897fbb7fb4ad6634c73f4be87fa\"},\"headline\":\"Estreno en la Filmoteca de Valencia de TEMPS I ESPAI, de Joan G\u00f3mez Alemany\",\"datePublished\":\"2022-12-16T16:24:27+00:00\",\"dateModified\":\"2024-03-07T12:53:23+00:00\",\"mainEntityOfPage\":{\"@id\":\"https:\\\/\\\/www.shojifilms.com\\\/post\\\/estreno-en-la-filmoteca-de-valencia-de-temps-i-espai-de-joan-gomez-alemany\\\/\"},\"wordCount\":314,\"publisher\":{\"@id\":\"https:\\\/\\\/www.shojifilms.com\\\/#organization\"},\"image\":{\"@id\":\"https:\\\/\\\/www.shojifilms.com\\\/post\\\/estreno-en-la-filmoteca-de-valencia-de-temps-i-espai-de-joan-gomez-alemany\\\/#primaryimage\"},\"thumbnailUrl\":\"https:\\\/\\\/www.shojifilms.com\\\/wp-content\\\/uploads\\\/2023\\\/10\\\/file-13.png\",\"keywords\":[\"Arte\",\"Cultura\",\"Memoria\",\"Pintura\",\"Valencia\"],\"articleSection\":[\"Divulgativo\",\"Documental\",\"Largometraje\"],\"inLanguage\":\"en-US\"},{\"@type\":\"WebPage\",\"@id\":\"https:\\\/\\\/www.shojifilms.com\\\/post\\\/estreno-en-la-filmoteca-de-valencia-de-temps-i-espai-de-joan-gomez-alemany\\\/\",\"url\":\"https:\\\/\\\/www.shojifilms.com\\\/post\\\/estreno-en-la-filmoteca-de-valencia-de-temps-i-espai-de-joan-gomez-alemany\\\/\",\"name\":\"Estreno en la Filmoteca de Valencia de TEMPS I ESPAI, de Joan G\u00f3mez Alemany - SHOJI FILMS\",\"isPartOf\":{\"@id\":\"https:\\\/\\\/www.shojifilms.com\\\/#website\"},\"primaryImageOfPage\":{\"@id\":\"https:\\\/\\\/www.shojifilms.com\\\/post\\\/estreno-en-la-filmoteca-de-valencia-de-temps-i-espai-de-joan-gomez-alemany\\\/#primaryimage\"},\"image\":{\"@id\":\"https:\\\/\\\/www.shojifilms.com\\\/post\\\/estreno-en-la-filmoteca-de-valencia-de-temps-i-espai-de-joan-gomez-alemany\\\/#primaryimage\"},\"thumbnailUrl\":\"https:\\\/\\\/www.shojifilms.com\\\/wp-content\\\/uploads\\\/2023\\\/10\\\/file-13.png\",\"datePublished\":\"2022-12-16T16:24:27+00:00\",\"dateModified\":\"2024-03-07T12:53:23+00:00\",\"description\":\"Temps i espai registra a lo largo de 4 a\u00f1os como el pintor Josep-Mar\u00ed G\u00f3mez Lozano repinta un cuadro de su padre, Vicente G\u00f3mez Garc\u00eda.\",\"breadcrumb\":{\"@id\":\"https:\\\/\\\/www.shojifilms.com\\\/post\\\/estreno-en-la-filmoteca-de-valencia-de-temps-i-espai-de-joan-gomez-alemany\\\/#breadcrumb\"},\"inLanguage\":\"en-US\",\"potentialAction\":[{\"@type\":\"ReadAction\",\"target\":[\"https:\\\/\\\/www.shojifilms.com\\\/post\\\/estreno-en-la-filmoteca-de-valencia-de-temps-i-espai-de-joan-gomez-alemany\\\/\"]}]},{\"@type\":\"ImageObject\",\"inLanguage\":\"en-US\",\"@id\":\"https:\\\/\\\/www.shojifilms.com\\\/post\\\/estreno-en-la-filmoteca-de-valencia-de-temps-i-espai-de-joan-gomez-alemany\\\/#primaryimage\",\"url\":\"https:\\\/\\\/www.shojifilms.com\\\/wp-content\\\/uploads\\\/2023\\\/10\\\/file-13.png\",\"contentUrl\":\"https:\\\/\\\/www.shojifilms.com\\\/wp-content\\\/uploads\\\/2023\\\/10\\\/file-13.png\",\"width\":1000,\"height\":461,\"caption\":\"Estreno en la Filmoteca de Valencia de TEMPS I ESPAI, de Joan G\u00f3mez Alemany\"},{\"@type\":\"BreadcrumbList\",\"@id\":\"https:\\\/\\\/www.shojifilms.com\\\/post\\\/estreno-en-la-filmoteca-de-valencia-de-temps-i-espai-de-joan-gomez-alemany\\\/#breadcrumb\",\"itemListElement\":[{\"@type\":\"ListItem\",\"position\":1,\"name\":\"Home\",\"item\":\"https:\\\/\\\/www.shojifilms.com\\\/\"},{\"@type\":\"ListItem\",\"position\":2,\"name\":\"Estreno en la Filmoteca de Valencia de TEMPS I ESPAI, de Joan G\u00f3mez Alemany\"}]},{\"@type\":\"WebSite\",\"@id\":\"https:\\\/\\\/www.shojifilms.com\\\/#website\",\"url\":\"https:\\\/\\\/www.shojifilms.com\\\/\",\"name\":\"SHOJI FILMS\",\"description\":\"Productora audiovisual en Barcelona\",\"publisher\":{\"@id\":\"https:\\\/\\\/www.shojifilms.com\\\/#organization\"},\"potentialAction\":[{\"@type\":\"SearchAction\",\"target\":{\"@type\":\"EntryPoint\",\"urlTemplate\":\"https:\\\/\\\/www.shojifilms.com\\\/?s={search_term_string}\"},\"query-input\":{\"@type\":\"PropertyValueSpecification\",\"valueRequired\":true,\"valueName\":\"search_term_string\"}}],\"inLanguage\":\"en-US\"},{\"@type\":\"Organization\",\"@id\":\"https:\\\/\\\/www.shojifilms.com\\\/#organization\",\"name\":\"SHOJI FILMS\",\"url\":\"https:\\\/\\\/www.shojifilms.com\\\/\",\"logo\":{\"@type\":\"ImageObject\",\"inLanguage\":\"en-US\",\"@id\":\"https:\\\/\\\/www.shojifilms.com\\\/#\\\/schema\\\/logo\\\/image\\\/\",\"url\":\"https:\\\/\\\/www.shojifilms.com\\\/wp-content\\\/uploads\\\/2023\\\/04\\\/image.png\",\"contentUrl\":\"https:\\\/\\\/www.shojifilms.com\\\/wp-content\\\/uploads\\\/2023\\\/04\\\/image.png\",\"width\":468,\"height\":262,\"caption\":\"SHOJI FILMS\"},\"image\":{\"@id\":\"https:\\\/\\\/www.shojifilms.com\\\/#\\\/schema\\\/logo\\\/image\\\/\"},\"sameAs\":[\"https:\\\/\\\/www.facebook.com\\\/shojifilms\\\/\",\"http:\\\/\\\/instagram.com\\\/shojifilms\",\"https:\\\/\\\/vimeo.com\\\/shojifilms\",\"https:\\\/\\\/es.linkedin.com\\\/company\\\/shoji-films?trk=public_profile_topcard-current-company\"]},{\"@type\":\"Person\",\"@id\":\"https:\\\/\\\/www.shojifilms.com\\\/#\\\/schema\\\/person\\\/6ee60897fbb7fb4ad6634c73f4be87fa\",\"name\":\"doominio\",\"image\":{\"@type\":\"ImageObject\",\"inLanguage\":\"en-US\",\"@id\":\"https:\\\/\\\/www.shojifilms.com\\\/wp-content\\\/litespeed\\\/avatar\\\/51a2a0a3ffe42439284a6ac18cdd7ab2.jpg?ver=1776640346\",\"url\":\"https:\\\/\\\/www.shojifilms.com\\\/wp-content\\\/litespeed\\\/avatar\\\/51a2a0a3ffe42439284a6ac18cdd7ab2.jpg?ver=1776640346\",\"contentUrl\":\"https:\\\/\\\/www.shojifilms.com\\\/wp-content\\\/litespeed\\\/avatar\\\/51a2a0a3ffe42439284a6ac18cdd7ab2.jpg?ver=1776640346\",\"caption\":\"doominio\"},\"sameAs\":[\"https:\\\/\\\/www.shojifilms.com\"]}]}<\/script>\n<!-- \/ Yoast SEO plugin. -->","yoast_head_json":{"title":"Premiere at the Valencia Film Library of TEMPS I ESPAI, by Joan G\u00f3mez Alemany - SHOJI FILMS","description":"Temps i espai records over 4 years how the painter Josep-Mar\u00ed G\u00f3mez Lozano repaints a painting by his father, Vicente G\u00f3mez Garc\u00eda.","robots":{"index":"index","follow":"follow","max-snippet":"max-snippet:-1","max-image-preview":"max-image-preview:large","max-video-preview":"max-video-preview:-1"},"canonical":"https:\/\/www.shojifilms.com\/en\/post\/estreno-en-la-filmoteca-de-valencia-de-temps-i-espai-de-joan-gomez-alemany\/","og_locale":"en_US","og_type":"article","og_title":"Estreno en la Filmoteca de Valencia de TEMPS I ESPAI, de Joan G\u00f3mez Alemany - SHOJI FILMS","og_description":"Temps i espai registra a lo largo de 4 a\u00f1os como el pintor Josep-Mar\u00ed G\u00f3mez Lozano repinta un cuadro de su padre, Vicente G\u00f3mez Garc\u00eda.","og_url":"https:\/\/www.shojifilms.com\/en\/post\/estreno-en-la-filmoteca-de-valencia-de-temps-i-espai-de-joan-gomez-alemany\/","og_site_name":"SHOJI FILMS","article_publisher":"https:\/\/www.facebook.com\/shojifilms\/","article_published_time":"2022-12-16T16:24:27+00:00","article_modified_time":"2024-03-07T12:53:23+00:00","og_image":[{"width":1000,"height":461,"url":"https:\/\/www.shojifilms.com\/wp-content\/uploads\/2023\/10\/file-13.png","type":"image\/png"}],"author":"doominio","twitter_card":"summary_large_image","twitter_misc":{"Written by":"doominio","Est. reading time":"1 minute"},"schema":{"@context":"https:\/\/schema.org","@graph":[{"@type":"Article","@id":"https:\/\/www.shojifilms.com\/post\/estreno-en-la-filmoteca-de-valencia-de-temps-i-espai-de-joan-gomez-alemany\/#article","isPartOf":{"@id":"https:\/\/www.shojifilms.com\/post\/estreno-en-la-filmoteca-de-valencia-de-temps-i-espai-de-joan-gomez-alemany\/"},"author":{"name":"doominio","@id":"https:\/\/www.shojifilms.com\/#\/schema\/person\/6ee60897fbb7fb4ad6634c73f4be87fa"},"headline":"Estreno en la Filmoteca de Valencia de TEMPS I ESPAI, de Joan G\u00f3mez Alemany","datePublished":"2022-12-16T16:24:27+00:00","dateModified":"2024-03-07T12:53:23+00:00","mainEntityOfPage":{"@id":"https:\/\/www.shojifilms.com\/post\/estreno-en-la-filmoteca-de-valencia-de-temps-i-espai-de-joan-gomez-alemany\/"},"wordCount":314,"publisher":{"@id":"https:\/\/www.shojifilms.com\/#organization"},"image":{"@id":"https:\/\/www.shojifilms.com\/post\/estreno-en-la-filmoteca-de-valencia-de-temps-i-espai-de-joan-gomez-alemany\/#primaryimage"},"thumbnailUrl":"https:\/\/www.shojifilms.com\/wp-content\/uploads\/2023\/10\/file-13.png","keywords":["Arte","Cultura","Memoria","Pintura","Valencia"],"articleSection":["Divulgativo","Documental","Largometraje"],"inLanguage":"en-US"},{"@type":"WebPage","@id":"https:\/\/www.shojifilms.com\/post\/estreno-en-la-filmoteca-de-valencia-de-temps-i-espai-de-joan-gomez-alemany\/","url":"https:\/\/www.shojifilms.com\/post\/estreno-en-la-filmoteca-de-valencia-de-temps-i-espai-de-joan-gomez-alemany\/","name":"Premiere at the Valencia Film Library of TEMPS I ESPAI, by Joan G\u00f3mez Alemany - SHOJI FILMS","isPartOf":{"@id":"https:\/\/www.shojifilms.com\/#website"},"primaryImageOfPage":{"@id":"https:\/\/www.shojifilms.com\/post\/estreno-en-la-filmoteca-de-valencia-de-temps-i-espai-de-joan-gomez-alemany\/#primaryimage"},"image":{"@id":"https:\/\/www.shojifilms.com\/post\/estreno-en-la-filmoteca-de-valencia-de-temps-i-espai-de-joan-gomez-alemany\/#primaryimage"},"thumbnailUrl":"https:\/\/www.shojifilms.com\/wp-content\/uploads\/2023\/10\/file-13.png","datePublished":"2022-12-16T16:24:27+00:00","dateModified":"2024-03-07T12:53:23+00:00","description":"Temps i espai records over 4 years how the painter Josep-Mar\u00ed G\u00f3mez Lozano repaints a painting by his father, Vicente G\u00f3mez Garc\u00eda.","breadcrumb":{"@id":"https:\/\/www.shojifilms.com\/post\/estreno-en-la-filmoteca-de-valencia-de-temps-i-espai-de-joan-gomez-alemany\/#breadcrumb"},"inLanguage":"en-US","potentialAction":[{"@type":"ReadAction","target":["https:\/\/www.shojifilms.com\/post\/estreno-en-la-filmoteca-de-valencia-de-temps-i-espai-de-joan-gomez-alemany\/"]}]},{"@type":"ImageObject","inLanguage":"en-US","@id":"https:\/\/www.shojifilms.com\/post\/estreno-en-la-filmoteca-de-valencia-de-temps-i-espai-de-joan-gomez-alemany\/#primaryimage","url":"https:\/\/www.shojifilms.com\/wp-content\/uploads\/2023\/10\/file-13.png","contentUrl":"https:\/\/www.shojifilms.com\/wp-content\/uploads\/2023\/10\/file-13.png","width":1000,"height":461,"caption":"Estreno en la Filmoteca de Valencia de TEMPS I ESPAI, de Joan G\u00f3mez Alemany"},{"@type":"BreadcrumbList","@id":"https:\/\/www.shojifilms.com\/post\/estreno-en-la-filmoteca-de-valencia-de-temps-i-espai-de-joan-gomez-alemany\/#breadcrumb","itemListElement":[{"@type":"ListItem","position":1,"name":"Home","item":"https:\/\/www.shojifilms.com\/"},{"@type":"ListItem","position":2,"name":"Estreno en la Filmoteca de Valencia de TEMPS I ESPAI, de Joan G\u00f3mez Alemany"}]},{"@type":"WebSite","@id":"https:\/\/www.shojifilms.com\/#website","url":"https:\/\/www.shojifilms.com\/","name":"SHOJI FILMS","description":"Audiovisual producer in Barcelona","publisher":{"@id":"https:\/\/www.shojifilms.com\/#organization"},"potentialAction":[{"@type":"SearchAction","target":{"@type":"EntryPoint","urlTemplate":"https:\/\/www.shojifilms.com\/?s={search_term_string}"},"query-input":{"@type":"PropertyValueSpecification","valueRequired":true,"valueName":"search_term_string"}}],"inLanguage":"en-US"},{"@type":"Organization","@id":"https:\/\/www.shojifilms.com\/#organization","name":"SHOJI FILMS","url":"https:\/\/www.shojifilms.com\/","logo":{"@type":"ImageObject","inLanguage":"en-US","@id":"https:\/\/www.shojifilms.com\/#\/schema\/logo\/image\/","url":"https:\/\/www.shojifilms.com\/wp-content\/uploads\/2023\/04\/image.png","contentUrl":"https:\/\/www.shojifilms.com\/wp-content\/uploads\/2023\/04\/image.png","width":468,"height":262,"caption":"SHOJI FILMS"},"image":{"@id":"https:\/\/www.shojifilms.com\/#\/schema\/logo\/image\/"},"sameAs":["https:\/\/www.facebook.com\/shojifilms\/","http:\/\/instagram.com\/shojifilms","https:\/\/vimeo.com\/shojifilms","https:\/\/es.linkedin.com\/company\/shoji-films?trk=public_profile_topcard-current-company"]},{"@type":"Person","@id":"https:\/\/www.shojifilms.com\/#\/schema\/person\/6ee60897fbb7fb4ad6634c73f4be87fa","name":"doominio","image":{"@type":"ImageObject","inLanguage":"en-US","@id":"https:\/\/www.shojifilms.com\/wp-content\/litespeed\/avatar\/51a2a0a3ffe42439284a6ac18cdd7ab2.jpg?ver=1776640346","url":"https:\/\/www.shojifilms.com\/wp-content\/litespeed\/avatar\/51a2a0a3ffe42439284a6ac18cdd7ab2.jpg?ver=1776640346","contentUrl":"https:\/\/www.shojifilms.com\/wp-content\/litespeed\/avatar\/51a2a0a3ffe42439284a6ac18cdd7ab2.jpg?ver=1776640346","caption":"doominio"},"sameAs":["https:\/\/www.shojifilms.com"]}]}},"_links":{"self":[{"href":"https:\/\/www.shojifilms.com\/en\/wp-json\/wp\/v2\/posts\/700","targetHints":{"allow":["GET"]}}],"collection":[{"href":"https:\/\/www.shojifilms.com\/en\/wp-json\/wp\/v2\/posts"}],"about":[{"href":"https:\/\/www.shojifilms.com\/en\/wp-json\/wp\/v2\/types\/post"}],"author":[{"embeddable":true,"href":"https:\/\/www.shojifilms.com\/en\/wp-json\/wp\/v2\/users\/1"}],"replies":[{"embeddable":true,"href":"https:\/\/www.shojifilms.com\/en\/wp-json\/wp\/v2\/comments?post=700"}],"version-history":[{"count":4,"href":"https:\/\/www.shojifilms.com\/en\/wp-json\/wp\/v2\/posts\/700\/revisions"}],"predecessor-version":[{"id":1974,"href":"https:\/\/www.shojifilms.com\/en\/wp-json\/wp\/v2\/posts\/700\/revisions\/1974"}],"wp:featuredmedia":[{"embeddable":true,"href":"https:\/\/www.shojifilms.com\/en\/wp-json\/wp\/v2\/media\/734"}],"wp:attachment":[{"href":"https:\/\/www.shojifilms.com\/en\/wp-json\/wp\/v2\/media?parent=700"}],"wp:term":[{"taxonomy":"category","embeddable":true,"href":"https:\/\/www.shojifilms.com\/en\/wp-json\/wp\/v2\/categories?post=700"},{"taxonomy":"post_tag","embeddable":true,"href":"https:\/\/www.shojifilms.com\/en\/wp-json\/wp\/v2\/tags?post=700"}],"curies":[{"name":"wp","href":"https:\/\/api.w.org\/{rel}","templated":true}]}}